{"id":55380,"date":"2023-05-18T15:53:38","date_gmt":"2023-05-18T18:53:38","guid":{"rendered":"https:\/\/mpiaui.com.br\/deputado-rafael-destaca-retomada-do-programa-rua-digna-em-timon\/"},"modified":"2023-05-18T15:53:38","modified_gmt":"2023-05-18T18:53:38","slug":"deputado-rafael-destaca-retomada-do-programa-rua-digna-em-timon","status":"publish","type":"post","link":"https:\/\/mpiaui.com.br\/antigo\/?p=55380","title":{"rendered":"Deputado Rafael destaca retomada do Programa Rua Digna em Timon"},"content":{"rendered":"<p><\/p>\n<div>\n<p><img loading=\"lazy\" data-attachment-id=\"41565\" data-permalink=\"https:\/\/vejatimon.com\/geral\/deputado-rafael-destaca-retomada-do-programa-rua-digna-em-timon\/attachment\/img-20230518-wa09411\/\" data-orig-file=\"https:\/\/vejatimon.com\/wp-content\/uploads\/2023\/05\/IMG-20230518-WA09411.jpg\" data-orig-size=\"1600,900\" data-comments-opened=\"1\" data-image-meta=\"{&quot;aperture&quot;:&quot;0&quot;,&quot;credit&quot;:&quot;&quot;,&quot;camera&quot;:&quot;&quot;,&quot;caption&quot;:&quot;&quot;,&quot;created_timestamp&quot;:&quot;0&quot;,&quot;copyright&quot;:&quot;&quot;,&quot;focal_length&quot;:&quot;0&quot;,&quot;iso&quot;:&quot;0&quot;,&quot;shutter_speed&quot;:&quot;0&quot;,&quot;title&quot;:&quot;&quot;,&quot;orientation&quot;:&quot;0&quot;}\" data-image-title=\"IMG-20230518-WA0941(1)\" data-image-description=\"\" data-image-caption=\"\" data-medium-file=\"https:\/\/vejatimon.com\/wp-content\/uploads\/2023\/05\/IMG-20230518-WA09411-300x169.jpg\" data-large-file=\"https:\/\/vejatimon.com\/wp-content\/uploads\/2023\/05\/IMG-20230518-WA09411-1024x576.jpg\" decoding=\"async\" class=\"alignnone size-full wp-image-41565\" data-pagespeed-lazy-src=\"https:\/\/vejatimon.com\/wp-content\/uploads\/2023\/05\/xIMG-20230518-WA09411.jpg.pagespeed.ic.0eVKeQkLGQ.jpg\" alt=\"\" width=\"1600\" height=\"900\" data-pagespeed-lazy-srcset=\"https:\/\/vejatimon.com\/wp-content\/uploads\/2023\/05\/xIMG-20230518-WA09411.jpg.pagespeed.ic.0eVKeQkLGQ.jpg 1600w, https:\/\/vejatimon.com\/wp-content\/uploads\/2023\/05\/xIMG-20230518-WA09411-300x169.jpg.pagespeed.ic.8_ipNDUfsO.jpg 300w, https:\/\/vejatimon.com\/wp-content\/uploads\/2023\/05\/IMG-20230518-WA09411-1024x576.jpg 1024w, https:\/\/vejatimon.com\/wp-content\/uploads\/2023\/05\/IMG-20230518-WA09411-768x432.jpg 768w, https:\/\/vejatimon.com\/wp-content\/uploads\/2023\/05\/IMG-20230518-WA09411-1536x864.jpg 1536w, https:\/\/vejatimon.com\/wp-content\/uploads\/2023\/05\/IMG-20230518-WA09411-696x392.jpg 696w, https:\/\/vejatimon.com\/wp-content\/uploads\/2023\/05\/IMG-20230518-WA09411-1068x601.jpg 1068w\" sizes=\"auto, (max-width: 1600px) 100vw, 1600px\" data-pagespeed-url-hash=\"1572355343\" src=\"\/pagespeed_static\/1.JiBnMqyl6S.gif\" onload=\"pagespeed.lazyLoadImages.loadIfVisibleAndMaybeBeacon(this);\" onerror=\"this.onerror=null;pagespeed.lazyLoadImages.loadIfVisibleAndMaybeBeacon(this);\"\/><\/p>\n<p>Na manh\u00e3 desta quinta, 18, na Assembleia Legislativa, o deputado Rafael destacou a retomada das obras do Programa Rua Digna, do governo do Maranh\u00e3o, em Timon. A\u00e7\u00e3o da Secretaria de Administra\u00e7\u00e3o Penitenci\u00e1ria \u2013 SEAP, o Rua Digna pavimenta as ruas com a utiliza\u00e7\u00e3o de blocos de cimento produzidos pelos internos do Sistema Prisional do Maranh\u00e3o.<\/p>\n<p><img data-attachment-id=\"41567\" data-permalink=\"https:\/\/vejatimon.com\/geral\/deputado-rafael-destaca-retomada-do-programa-rua-digna-em-timon\/attachment\/img-20230518-wa0942\/\" data-orig-file=\"https:\/\/vejatimon.com\/wp-content\/uploads\/2023\/05\/IMG-20230518-WA0942.jpg\" data-orig-size=\"1600,900\" data-comments-opened=\"1\" data-image-meta=\"{&quot;aperture&quot;:&quot;0&quot;,&quot;credit&quot;:&quot;&quot;,&quot;camera&quot;:&quot;&quot;,&quot;caption&quot;:&quot;&quot;,&quot;created_timestamp&quot;:&quot;0&quot;,&quot;copyright&quot;:&quot;&quot;,&quot;focal_length&quot;:&quot;0&quot;,&quot;iso&quot;:&quot;0&quot;,&quot;shutter_speed&quot;:&quot;0&quot;,&quot;title&quot;:&quot;&quot;,&quot;orientation&quot;:&quot;0&quot;}\" data-image-title=\"IMG-20230518-WA0942\" data-image-description=\"\" data-image-caption=\"\" data-medium-file=\"https:\/\/vejatimon.com\/wp-content\/uploads\/2023\/05\/IMG-20230518-WA0942-300x169.jpg\" data-large-file=\"https:\/\/vejatimon.com\/wp-content\/uploads\/2023\/05\/IMG-20230518-WA0942-1024x576.jpg\" decoding=\"async\" loading=\"lazy\" class=\"alignnone size-full wp-image-41567\" data-pagespeed-lazy-src=\"https:\/\/vejatimon.com\/wp-content\/uploads\/2023\/05\/xIMG-20230518-WA0942.jpg.pagespeed.ic.l4TuOMX12l.jpg\" alt=\"\" width=\"1600\" height=\"900\" data-pagespeed-lazy-srcset=\"https:\/\/vejatimon.com\/wp-content\/uploads\/2023\/05\/xIMG-20230518-WA0942.jpg.pagespeed.ic.l4TuOMX12l.jpg 1600w, https:\/\/vejatimon.com\/wp-content\/uploads\/2023\/05\/xIMG-20230518-WA0942-300x169.jpg.pagespeed.ic.q1SX-NCpdS.jpg 300w, https:\/\/vejatimon.com\/wp-content\/uploads\/2023\/05\/IMG-20230518-WA0942-1024x576.jpg 1024w, https:\/\/vejatimon.com\/wp-content\/uploads\/2023\/05\/IMG-20230518-WA0942-768x432.jpg 768w, https:\/\/vejatimon.com\/wp-content\/uploads\/2023\/05\/IMG-20230518-WA0942-1536x864.jpg 1536w, https:\/\/vejatimon.com\/wp-content\/uploads\/2023\/05\/IMG-20230518-WA0942-696x392.jpg 696w, https:\/\/vejatimon.com\/wp-content\/uploads\/2023\/05\/IMG-20230518-WA0942-1068x601.jpg 1068w\" sizes=\"auto, (max-width: 1600px) 100vw, 1600px\" data-pagespeed-url-hash=\"3907249885\" src=\"\/pagespeed_static\/1.JiBnMqyl6S.gif\" onload=\"pagespeed.lazyLoadImages.loadIfVisibleAndMaybeBeacon(this);\" onerror=\"this.onerror=null;pagespeed.lazyLoadImages.loadIfVisibleAndMaybeBeacon(this);\"\/>Como destaque, o deputado Rafael lembrou das emendas parlamentares investidas na expans\u00e3o do Programa Rua Digna, cuja extens\u00e3o das a\u00e7\u00f5es, conseguiu alcan\u00e7ar dezenas de ruas em Timon, Paulo Ramos, Governador Eug\u00eanio Barros e Bom Lugar. Tendo o governador Carlos Brand\u00e3o como um dos maiores entusiastas, o Programa Rua Digna, j\u00e1 foi diversas vezes premiado, pois junta, numa s\u00f3 a\u00e7\u00e3o, cidadania, ressocializa\u00e7\u00e3o e melhoria na mobilidade urbana. \u201cTemos 3 unidades do sistema prisional do estado produzindo blocos de concreto em Timon. Temos a APAC, que a unidade do Jorge Vieira e a unidade do Pres\u00eddio do Maracuj\u00e1. Destinamos, em 2021, 1 milh\u00e3o de reais, em 2022, 2 milh\u00f5es de reais e, neste ano, mais uma vez, n\u00f3s vamos colocar recursos para dar continuidade \u00e0s obras de cal\u00e7amento\u201d, afirmou o deputado.<\/p>\n<p><img data-attachment-id=\"41566\" data-permalink=\"https:\/\/vejatimon.com\/geral\/deputado-rafael-destaca-retomada-do-programa-rua-digna-em-timon\/attachment\/img-20230518-wa0940\/\" data-orig-file=\"https:\/\/vejatimon.com\/wp-content\/uploads\/2023\/05\/IMG-20230518-WA0940.jpg\" data-orig-size=\"1024,683\" data-comments-opened=\"1\" data-image-meta=\"{&quot;aperture&quot;:&quot;0&quot;,&quot;credit&quot;:&quot;&quot;,&quot;camera&quot;:&quot;&quot;,&quot;caption&quot;:&quot;&quot;,&quot;created_timestamp&quot;:&quot;0&quot;,&quot;copyright&quot;:&quot;&quot;,&quot;focal_length&quot;:&quot;0&quot;,&quot;iso&quot;:&quot;0&quot;,&quot;shutter_speed&quot;:&quot;0&quot;,&quot;title&quot;:&quot;&quot;,&quot;orientation&quot;:&quot;0&quot;}\" data-image-title=\"IMG-20230518-WA0940\" data-image-description=\"\" data-image-caption=\"\" data-medium-file=\"https:\/\/vejatimon.com\/wp-content\/uploads\/2023\/05\/IMG-20230518-WA0940-300x200.jpg\" data-large-file=\"https:\/\/vejatimon.com\/wp-content\/uploads\/2023\/05\/IMG-20230518-WA0940.jpg\" decoding=\"async\" loading=\"lazy\" class=\"alignnone size-full wp-image-41566\" data-pagespeed-lazy-src=\"https:\/\/vejatimon.com\/wp-content\/uploads\/2023\/05\/IMG-20230518-WA0940.jpg\" alt=\"\" width=\"1024\" height=\"683\" data-pagespeed-lazy-srcset=\"https:\/\/vejatimon.com\/wp-content\/uploads\/2023\/05\/IMG-20230518-WA0940.jpg 1024w, https:\/\/vejatimon.com\/wp-content\/uploads\/2023\/05\/IMG-20230518-WA0940-300x200.jpg 300w, https:\/\/vejatimon.com\/wp-content\/uploads\/2023\/05\/IMG-20230518-WA0940-768x512.jpg 768w, https:\/\/vejatimon.com\/wp-content\/uploads\/2023\/05\/IMG-20230518-WA0940-696x464.jpg 696w\" sizes=\"auto, (max-width: 1024px) 100vw, 1024px\" data-pagespeed-url-hash=\"3318250043\" src=\"\/pagespeed_static\/1.JiBnMqyl6S.gif\" onload=\"pagespeed.lazyLoadImages.loadIfVisibleAndMaybeBeacon(this);\" onerror=\"this.onerror=null;pagespeed.lazyLoadImages.loadIfVisibleAndMaybeBeacon(this);\"\/>Ainda em seu pronunciamento, o deputado Rafael lembrou que, atualmente, Timon conta com mais de 50 ruas com cal\u00e7amento via blocos de concreto, executadas pelo Programa Rua Digna. Obras executadas com recursos de suas Emendas Parlamentares. \u201cDestaco os bairros C\u00edcero Ferraz com a rua Santa Cec\u00edlia, cujas obras j\u00e1 est\u00e3o reiniciadas e que com f\u00e9 em Deus, at\u00e9 o final do ano, n\u00f3s faremos tantas outras ruas em v\u00e1rios bairros da cidade. Ao todo, n\u00f3s j\u00e1 atingimos mais de 50 ruas, em toda cidade do munic\u00edpio de Timon e vamos continuar, dessa forma, estendendo ainda mais a atua\u00e7\u00e3o deste importante Programa do governo estadual\u201d, finalizou. Fonte\/Assessoria.\n<\/p>\n<p><h3 class=\"jp-relatedposts-headline\"><em>Relacionado<\/em><\/h3>\n<\/p>\n<\/div>\n","protected":false},"excerpt":{"rendered":"<p>Na manh\u00e3 desta quinta, 18, na Assembleia Legislativa, o deputado Rafael destacou a retomada das obras do Programa Rua Digna, do governo do Maranh\u00e3o, em Timon. A\u00e7\u00e3o da Secretaria de&hellip; <\/p>\n","protected":false},"author":1,"featured_media":55381,"comment_status":"open","ping_status":"open","sticky":false,"template":"","format":"standard","meta":{"footnotes":""},"categories":[534],"tags":[],"class_list":["post-55380","post","type-post","status-publish","format-standard","has-post-thumbnail","hentry","category-timon-ma"],"_links":{"self":[{"href":"https:\/\/mpiaui.com.br\/antigo\/index.php?rest_route=\/wp\/v2\/posts\/55380","targetHints":{"allow":["GET"]}}],"collection":[{"href":"https:\/\/mpiaui.com.br\/antigo\/index.php?rest_route=\/wp\/v2\/posts"}],"about":[{"href":"https:\/\/mpiaui.com.br\/antigo\/index.php?rest_route=\/wp\/v2\/types\/post"}],"author":[{"embeddable":true,"href":"https:\/\/mpiaui.com.br\/antigo\/index.php?rest_route=\/wp\/v2\/users\/1"}],"replies":[{"embeddable":true,"href":"https:\/\/mpiaui.com.br\/antigo\/index.php?rest_route=%2Fwp%2Fv2%2Fcomments&post=55380"}],"version-history":[{"count":0,"href":"https:\/\/mpiaui.com.br\/antigo\/index.php?rest_route=\/wp\/v2\/posts\/55380\/revisions"}],"wp:featuredmedia":[{"embeddable":true,"href":"https:\/\/mpiaui.com.br\/antigo\/index.php?rest_route=\/wp\/v2\/media\/55381"}],"wp:attachment":[{"href":"https:\/\/mpiaui.com.br\/antigo\/index.php?rest_route=%2Fwp%2Fv2%2Fmedia&parent=55380"}],"wp:term":[{"taxonomy":"category","embeddable":true,"href":"https:\/\/mpiaui.com.br\/antigo\/index.php?rest_route=%2Fwp%2Fv2%2Fcategories&post=55380"},{"taxonomy":"post_tag","embeddable":true,"href":"https:\/\/mpiaui.com.br\/antigo\/index.php?rest_route=%2Fwp%2Fv2%2Ftags&post=55380"}],"curies":[{"name":"wp","href":"https:\/\/api.w.org\/{rel}","templated":true}]}}