{"id":55387,"date":"2023-05-18T16:50:30","date_gmt":"2023-05-18T19:50:30","guid":{"rendered":"https:\/\/mpiaui.com.br\/governo-investe-mais-de-r-31-milhoes-na-expansao-de-cursos-tecnicos-e-superior\/"},"modified":"2023-05-18T16:50:30","modified_gmt":"2023-05-18T19:50:30","slug":"governo-investe-mais-de-r-31-milhoes-na-expansao-de-cursos-tecnicos-e-superior","status":"publish","type":"post","link":"https:\/\/mpiaui.com.br\/antigo\/?p=55387","title":{"rendered":"Governo investe mais de R$ 31 milh\u00f5es na expans\u00e3o de cursos t\u00e9cnicos e superior"},"content":{"rendered":"<p> [ad_1]<br \/>\n<\/p>\n<div>\n<p>Conectar a educa\u00e7\u00e3o ao mercado de trabalho \u00e9 uma das metas do Programa Piau\u00ed Tec, lan\u00e7ado nesta quinta-feira (18), pelo governador Rafael Fonteles, no Pal\u00e1cio de Karnak. O Programa envolve a Secretaria Estadual de Educa\u00e7\u00e3o com cinco novos cursos, a Universidade Aberta do Piau\u00ed (UAPI) com dois novos cursos superiores e tamb\u00e9m a Universidade Estadual do Piau\u00ed (Uespi), com abertura de 4 cursos superiores.<\/p>\n<p>\u201cAlinhar a educa\u00e7\u00e3o ao mercado faz toda a diferen\u00e7a. Por isso, estamos oferecendo novos cursos t\u00e9cnicos e tecnol\u00f3gicos da Secretaria de Educa\u00e7\u00e3o, Uespi e Uapi, por meio do Programa de Fortalecimento da Educa\u00e7\u00e3o Profissional T\u00e9cnica e Tecnol\u00f3gica (Seduc TEC)\u201d, disse o governador, informando que s\u00e3o mais de R$ 31 milh\u00f5es investidos e mais de 13 mil alunos beneficiados.<\/p>\n<p>Segundo Rafael Fonteles, ser\u00e3o disponibilizados cursos t\u00e9cnicos conectados com as profiss\u00f5es do futuro, como energias renov\u00e1veis com \u00eanfase em energia e\u00f3lica, sistemas para internet, programa\u00e7\u00e3o de jogos, ci\u00eancias de dados e big data, turismo, \u00a0marketing digital \u00a0e intelig\u00eancia artificial.<\/p>\n<p><img decoding=\"async\" loading=\"lazy\" class=\"size-medium wp-image-89205 aligncenter\" src=\"https:\/\/www.pi.gov.br\/wp-content\/uploads\/2023\/05\/lancamento-cursos9-730x487.jpg\" alt=\"\" width=\"730\" height=\"487\" srcset=\"https:\/\/www.pi.gov.br\/wp-content\/uploads\/2023\/05\/lancamento-cursos9-730x487.jpg 730w, https:\/\/www.pi.gov.br\/wp-content\/uploads\/2023\/05\/lancamento-cursos9-1070x713.jpg 1070w, https:\/\/www.pi.gov.br\/wp-content\/uploads\/2023\/05\/lancamento-cursos9-768x512.jpg 768w, https:\/\/www.pi.gov.br\/wp-content\/uploads\/2023\/05\/lancamento-cursos9-391x260.jpg 391w, https:\/\/www.pi.gov.br\/wp-content\/uploads\/2023\/05\/lancamento-cursos9-1536x1024.jpg 1536w, https:\/\/www.pi.gov.br\/wp-content\/uploads\/2023\/05\/lancamento-cursos9-2048x1365.jpg 2048w\" sizes=\"auto, (max-width: 730px) 100vw, 730px\"\/><\/p>\n<p>Durante a solenidade, o Governo tamb\u00e9m instituiu o F\u00f3rum de Estudos e Pesquisas em Educa\u00e7\u00e3o Profissional, T\u00e9cnica e Tecnol\u00f3gica, que re\u00fane diversas institui\u00e7\u00f5es e \u00f3rg\u00e3os do Governo com a finalidade de promover debates, estudos e pesquisas sobre a oferta dos cursos nessas \u00e1reas. \u201cA educa\u00e7\u00e3o \u00e9 o nosso futuro!\u201d, garantiu Rafael.<\/p>\n<p>O governador assegurou que todas as escolas de ensino m\u00e9dio do Piau\u00ed ser\u00e3o de tempo integral e, obrigatoriamente, ter\u00e3o a educa\u00e7\u00e3o profissional e t\u00e9cnica integrada dentro \u00a0do curr\u00edculo. Assim, os alunos aprender\u00e3o uma profiss\u00e3o dentro do curr\u00edculo do ensino m\u00e9dio.<\/p>\n<p>De acordo com Rafael Fonteles, o Governo aposta nas grandes voca\u00e7\u00f5es econ\u00f4micas do Piau\u00ed, como energia limpa, hidrog\u00eanio verde, turismo, agrot\u00e9cnica e a tecnologia da informa\u00e7\u00e3o, que \u00e9 a ind\u00fastria que mais cresce no mundo.<\/p>\n<p><img decoding=\"async\" loading=\"lazy\" class=\"size-medium wp-image-89209 aligncenter\" src=\"https:\/\/www.pi.gov.br\/wp-content\/uploads\/2023\/05\/lancamento-cursos13-730x487.jpg\" alt=\"\" width=\"730\" height=\"487\" srcset=\"https:\/\/www.pi.gov.br\/wp-content\/uploads\/2023\/05\/lancamento-cursos13-730x487.jpg 730w, https:\/\/www.pi.gov.br\/wp-content\/uploads\/2023\/05\/lancamento-cursos13-1070x713.jpg 1070w, https:\/\/www.pi.gov.br\/wp-content\/uploads\/2023\/05\/lancamento-cursos13-768x512.jpg 768w, https:\/\/www.pi.gov.br\/wp-content\/uploads\/2023\/05\/lancamento-cursos13-391x260.jpg 391w, https:\/\/www.pi.gov.br\/wp-content\/uploads\/2023\/05\/lancamento-cursos13-1536x1024.jpg 1536w, https:\/\/www.pi.gov.br\/wp-content\/uploads\/2023\/05\/lancamento-cursos13-2048x1365.jpg 2048w\" sizes=\"auto, (max-width: 730px) 100vw, 730px\"\/><\/p>\n<p><strong>Defini\u00e7\u00e3o de cursos<\/strong><\/p>\n<p>Na solenidade, o secret\u00e1rio de Educa\u00e7\u00e3o, Washington Bandeira, destacou a import\u00e2ncia dos cursos e a rela\u00e7\u00e3o com o mercado, ressaltou as parcerias com a Universidade Aberta do Brasil (UAB), Uespi e Fapepi e ressaltou o papel do f\u00f3rum no mapeamento de todos os cursos t\u00e9cnicos, fazendo um link com as voca\u00e7\u00f5es produtivas do estado.<\/p>\n<p>\u201cO objetivo \u00e9 expandir \u00a0os cursos t\u00e9cnicos e tecnol\u00f3gicos, especialmente no ensino m\u00e9dio de Tempo Integral para que possamos preparar esses jovens para o mercado de trabalho e, ao mesmo tempo, vamos fortalecer a aprendizagem e a profici\u00eancia das disciplinas b\u00e1sicas, como Portugu\u00eas, Matem\u00e1tica e outras\u201d, ressalta Washington Bandeira.<\/p>\n<p>Pelo Seduc Tec, o investimento \u00e9 de R$ 4,6 milh\u00f5es e atender\u00e1 10 mil estudantes em 153 unidades de ensino. Al\u00e9m do curso de Desenvolvimento de Sistemas, iniciado em maio, a Seduc tamb\u00e9m vai oferecer os cursos de marketing digital, programador de jogos, turismo com \u00eanfase no empreendedorismo e energias renov\u00e1veis com \u00eanfase em energia e\u00f3lica.<\/p>\n<p>De acordo com a Seduc, os diretores das unidades contempladas com este programa far\u00e3o a busca ativa para que todos os estudantes j\u00e1 matriculados nessas escolas participem desses cursos.<\/p>\n<p><img decoding=\"async\" loading=\"lazy\" class=\"size-medium wp-image-89203 aligncenter\" src=\"https:\/\/www.pi.gov.br\/wp-content\/uploads\/2023\/05\/lancamento-cursos7-730x487.jpg\" alt=\"\" width=\"730\" height=\"487\" srcset=\"https:\/\/www.pi.gov.br\/wp-content\/uploads\/2023\/05\/lancamento-cursos7-730x487.jpg 730w, https:\/\/www.pi.gov.br\/wp-content\/uploads\/2023\/05\/lancamento-cursos7-1070x713.jpg 1070w, https:\/\/www.pi.gov.br\/wp-content\/uploads\/2023\/05\/lancamento-cursos7-768x512.jpg 768w, https:\/\/www.pi.gov.br\/wp-content\/uploads\/2023\/05\/lancamento-cursos7-391x260.jpg 391w, https:\/\/www.pi.gov.br\/wp-content\/uploads\/2023\/05\/lancamento-cursos7-1536x1024.jpg 1536w, https:\/\/www.pi.gov.br\/wp-content\/uploads\/2023\/05\/lancamento-cursos7-2048x1365.jpg 2048w\" sizes=\"auto, (max-width: 730px) 100vw, 730px\"\/><\/p>\n<p><strong>Ensino superior<\/strong><\/p>\n<p>No ensino superior, foram lan\u00e7ados os cursos de tecn\u00f3logo\u00a0 em energias renov\u00e1veis, tecn\u00f3logo em sistemas para internet, tecn\u00f3logo em intelig\u00eancia artificial e tecn\u00f3logo em ci\u00eancia de dados e big datas, com um total de 320 vagas ofertadas anualmente por meio do Sistema de Sele\u00e7\u00e3o Unificada (SiSU). O investimento \u00e9 de R$ 5,4 milh\u00f5es em infraestrutura, equipamentos e professores. E a primeira entrada ser\u00e1 ofertada a partir do 2\u00ba semestre deste ano.<\/p>\n<p>Segundo o reitor da Universidade Estadual do Piau\u00ed, Professor Evandro Alberto, a proposta desses cursos \u00e9 preparar m\u00e3o de obra, aproveitando o potencial do estado em energias renov\u00e1veis e tamb\u00e9m na \u00e1rea de tecnologia.\u201dO Piau\u00ed ser\u00e1 um celeiro de desenvolvimento\u201d, disse, citando que o foco \u00e9 qualificar m\u00e3o de obra conforme exig\u00eancias do mercado.<\/p>\n<p>O reitor informou ainda que na pr\u00f3xima semana, o governador vai anunciar pacote de investimentos na infraestrutura f\u00edsica da Uespi, com recursos para melhorias na moderniza\u00e7\u00e3o e aquisi\u00e7\u00e3o de equipamentos e tamb\u00e9m com investimentos no quadro profissional. \u201cLan\u00e7amos edital com concurso para professores e t\u00e9cnicos para Uespi\u201d, diz.<\/p>\n<p><img decoding=\"async\" loading=\"lazy\" class=\"size-medium wp-image-89201 aligncenter\" src=\"https:\/\/www.pi.gov.br\/wp-content\/uploads\/2023\/05\/lancamento-cursos5-730x487.jpg\" alt=\"\" width=\"730\" height=\"487\" srcset=\"https:\/\/www.pi.gov.br\/wp-content\/uploads\/2023\/05\/lancamento-cursos5-730x487.jpg 730w, https:\/\/www.pi.gov.br\/wp-content\/uploads\/2023\/05\/lancamento-cursos5-1070x713.jpg 1070w, https:\/\/www.pi.gov.br\/wp-content\/uploads\/2023\/05\/lancamento-cursos5-768x512.jpg 768w, https:\/\/www.pi.gov.br\/wp-content\/uploads\/2023\/05\/lancamento-cursos5-391x260.jpg 391w, https:\/\/www.pi.gov.br\/wp-content\/uploads\/2023\/05\/lancamento-cursos5-1536x1024.jpg 1536w, https:\/\/www.pi.gov.br\/wp-content\/uploads\/2023\/05\/lancamento-cursos5-2048x1365.jpg 2048w\" sizes=\"auto, (max-width: 730px) 100vw, 730px\"\/><\/p>\n<p><strong>Uapi<\/strong><\/p>\n<p>Pela Universidade Aberta do Piau\u00ed (Uapi), o Governo lan\u00e7ou o edital com vagas para os cursos de: tecn\u00f3logo em sistemas para internet e tecn\u00f3logo em energias renov\u00e1veis, com investimento de R$ 21 milh\u00f5es. Ao todo, ser\u00e3o disponibilizadas 3.100 vagas em 61 munic\u00edpios e as aulas ser\u00e3o transmitidas ao vivo por media\u00e7\u00e3o tecnol\u00f3gica.<\/p>\n<p>As inscri\u00e7\u00f5es come\u00e7am dia 25 de maio e v\u00e3o at\u00e9 04 de junho. O resultado da sele\u00e7\u00e3o ser\u00e1 divulgado dia 11 de junho e as aulas est\u00e3o previstas para o dia 28 de agosto.<\/p>\n<\/p><\/div>\n<p><script async=\"\" defer=\"\" crossorigin=\"anonymous\" src=\"https:\/\/connect.facebook.net\/pt_BR\/sdk.js#xfbml=1&#038;version=v3.3\"><\/script><br \/>\n<br \/>[ad_2]<\/p>\n","protected":false},"excerpt":{"rendered":"<p>[ad_1] Conectar a educa\u00e7\u00e3o ao mercado de trabalho \u00e9 uma das metas do Programa Piau\u00ed Tec, lan\u00e7ado nesta quinta-feira (18), pelo governador Rafael Fonteles, no Pal\u00e1cio de Karnak. O Programa&hellip; <\/p>\n","protected":false},"author":1,"featured_media":55385,"comment_status":"open","ping_status":"open","sticky":false,"template":"","format":"standard","meta":{"footnotes":""},"categories":[938],"tags":[],"class_list":["post-55387","post","type-post","status-publish","format-standard","has-post-thumbnail","hentry","category-governador"],"_links":{"self":[{"href":"https:\/\/mpiaui.com.br\/antigo\/index.php?rest_route=\/wp\/v2\/posts\/55387","targetHints":{"allow":["GET"]}}],"collection":[{"href":"https:\/\/mpiaui.com.br\/antigo\/index.php?rest_route=\/wp\/v2\/posts"}],"about":[{"href":"https:\/\/mpiaui.com.br\/antigo\/index.php?rest_route=\/wp\/v2\/types\/post"}],"author":[{"embeddable":true,"href":"https:\/\/mpiaui.com.br\/antigo\/index.php?rest_route=\/wp\/v2\/users\/1"}],"replies":[{"embeddable":true,"href":"https:\/\/mpiaui.com.br\/antigo\/index.php?rest_route=%2Fwp%2Fv2%2Fcomments&post=55387"}],"version-history":[{"count":0,"href":"https:\/\/mpiaui.com.br\/antigo\/index.php?rest_route=\/wp\/v2\/posts\/55387\/revisions"}],"wp:featuredmedia":[{"embeddable":true,"href":"https:\/\/mpiaui.com.br\/antigo\/index.php?rest_route=\/wp\/v2\/media\/55385"}],"wp:attachment":[{"href":"https:\/\/mpiaui.com.br\/antigo\/index.php?rest_route=%2Fwp%2Fv2%2Fmedia&parent=55387"}],"wp:term":[{"taxonomy":"category","embeddable":true,"href":"https:\/\/mpiaui.com.br\/antigo\/index.php?rest_route=%2Fwp%2Fv2%2Fcategories&post=55387"},{"taxonomy":"post_tag","embeddable":true,"href":"https:\/\/mpiaui.com.br\/antigo\/index.php?rest_route=%2Fwp%2Fv2%2Ftags&post=55387"}],"curies":[{"name":"wp","href":"https:\/\/api.w.org\/{rel}","templated":true}]}}