{"id":55391,"date":"2023-05-18T17:27:55","date_gmt":"2023-05-18T20:27:55","guid":{"rendered":"https:\/\/mpiaui.com.br\/tre-pi-marca-para-agosto-nova-eleicao-para-prefeito-em-sao-lourenco-do-piaui\/"},"modified":"2023-05-18T17:27:55","modified_gmt":"2023-05-18T20:27:55","slug":"tre-pi-marca-para-agosto-nova-eleicao-para-prefeito-em-sao-lourenco-do-piaui","status":"publish","type":"post","link":"https:\/\/mpiaui.com.br\/antigo\/?p=55391","title":{"rendered":"TRE\/PI marca para agosto nova elei\u00e7\u00e3o para prefeito em S\u00e3o Louren\u00e7o do Piau\u00ed"},"content":{"rendered":"<div>\n<p>\n                                                <img decoding=\"async\" src=\"https:\/\/piauihoje.com\/uploads\/imagens\/vice-e-prefeito-1684441299.png\" alt=\"Vice-prefeito Valdeci Castro (\u00e0 esquerda) e prefeito Bira (\u00e0 direita), de S\u00e3o Louren\u00e7o do Piau\u00ed, tiveram os mandatos cassados\" style=\"width: 100% !important;\"\/>\n                                                <\/p>\n<p>\n                                                    <span>Vice-prefeito Valdeci Castro (\u00e0 esquerda) e prefeito Bira (\u00e0 direita), de S\u00e3o Louren\u00e7o do Piau\u00ed, tiveram os mandatos cassados<\/span><br \/>\n                                                    <span>Foto: Reprodu\u00e7\u00e3o<\/span>\n                                                <\/p>\n<h2><\/h2>\n<p>O Tribunal Regional Eleitoral do Piau\u00ed (TRE-PI), em Sess\u00e3o Judici\u00e1ria Ordin\u00e1ria realizada por videoconfer\u00eancia, dia 16 de abril, decidiu pela realiza\u00e7\u00e3o de nova elei\u00e7\u00e3o para prefeito e vice-prefeito de <a href=\"https:\/\/piauihoje.com\/noticias\/politica\/tse-cassa-mandato-de-prefeito-e-vice-de-sao-lourenco-do-piaui-por-compra-de-voto-414896.html\">S\u00e3o Louren\u00e7o do Piau\u00ed<\/a>, distante 547 Km ao Sul de Teresina. A decis\u00e3o seguiu o parecer do procurador regional eleitoral Marco T\u00falio Lustosa Caminha e deve acontecer dia 6 de agosto deste ano.<\/p>\n<p>O relator do processo foi o presidente do TRE-PI em exerc\u00edcio, desembargador Jos\u00e9 James Gomes Pereira.<\/p>\n<p>A Minuta de Resolu\u00e7\u00e3o aprovada, com o calend\u00e1rio em anexo, contendo todas as datas do processo eleitoral em S\u00e3o Louren\u00e7o estar\u00e1 publicada no Di\u00e1rio de Justi\u00e7a Eletr\u00f4nico (DJE) do TRE-PI a partir do dia 18.05.23.<\/p>\n<p>O munic\u00edpio de S\u00e3o Louren\u00e7o do Piau\u00ed, atualmente, tem 4.945 eleitores e \u00e9 termo judici\u00e1rio da 13\u00aa Zona Eleitoral sediada no munic\u00edpio de S\u00e3o Raimundo Nonato, que tem como ju\u00edza titular Luciana Cl\u00e1udia Medeiros de Souza Brilhante.<\/p>\n<p>Em julgamento realizado dia 11 de abril deste ano, o TRE\/PI cassou os diplomas do prefeito, Biraci Damasceno Ribeiro (PSD) e do seu vice, Valdeci Paes de Castro (PSB) ambos eleitos em 2020 por compra de voto.<\/p>\n<p>Atualmente, o munic\u00edpio continua sendo dirigido pelo presidente da C\u00e2mara Municipal, vereador <a href=\"https:\/\/piauihoje.com\/noticias\/politica\/irmao-de-prefeito-cassado-assume-prefeitura-em-sao-lourenco-do-piaui-414980.html\">Iran Damasceno Ribeiro<\/a> (PSD), que \u00e9 irm\u00e3o de <span style=\"color: rgb(0, 0, 0); font-family: \" open=\"\" sans=\"\" neue=\"\" helvetica=\"\" arial=\"\" sans-serif=\"\" font-size:=\"\" font-style:=\"\" normal=\"\" font-variant-ligatures:=\"\" font-variant-caps:=\"\" font-weight:=\"\" letter-spacing:=\"\" orphans:=\"\" text-align:=\"\" start=\"\" text-indent:=\"\" text-transform:=\"\" none=\"\" white-space:=\"\" widows:=\"\" word-spacing:=\"\" background-color:=\"\" rgb=\"\" text-decoration-thickness:=\"\" initial=\"\" text-decoration-style:=\"\" text-decoration-color:=\"\" display:=\"\" inline=\"\" float:=\"\">Biraci Damasceno Ribeiro, at\u00e9\u00a0<\/span>que seja empossado o novo prefeito.<\/p>\n<p><span class=\"fr-img-caption fr-fic fr-dib fr-draggable\" contenteditable=\"false\" draggable=\"false\"><span class=\"fr-img-wrap\" style=\"width: 480px;\"><img decoding=\"async\" src=\"https:\/\/piauihoje.com\/uploads\/editor\/iran_757ce466ddcee7af03cdb6ffea748b09883ac82b.jpeg\" style=\"width: 480px;\" class=\"fr-fil fr-dib\"\/><span class=\"fr-inner\" contenteditable=\"true\">Iran Ribeiro (PSD) assumiu internamente a prefeitura de S\u00e3o Louren\u00e7o do Piau\u00ed<\/span><\/span><\/span><\/p>\n<div class=\"sobre_colunista\" style=\"display: flex; align-items: center; margin-top: 30px;background: #f7f7f7; padding: 15px; border-radius: 15px;\">\n<div class=\"tab-profile\" style=\"margin-right: 15px;\">\n                                                        <img decoding=\"async\" src=\"https:\/\/piauihoje.com\/timthumb.php?src=\/uploads\/secoes\/cintia|1608060869.jpg&amp;w=180&amp;h=180&amp;a=t\" alt=\"Cintia Lucas\" style=\"border-radius: 50%;\"\/>\n                                                <\/div>\n<p><h4 style=\"margin: 10px 0;\">\n                                                        <b>Cintia Lucas<\/b><br \/>\n                                                    <\/h4>\n<p>                                                    Cintia Lucas \u00e9 jornalista formada pela Universidade Federal do Piau\u00ed e mestra em Comunica\u00e7\u00e3o pela mesma institui\u00e7\u00e3o. A coluna vai abordar os bastidores da not\u00edcia, com foco em temas de interesse p\u00fablico.&#13;<br \/>\n&#13;<br \/>\nContato: cintialuc1@hotmail.com\n                                                <\/p>\n<\/p><\/div>\n<\/p><\/div>\n","protected":false},"excerpt":{"rendered":"<p>Vice-prefeito Valdeci Castro (\u00e0 esquerda) e prefeito Bira (\u00e0 direita), de S\u00e3o Louren\u00e7o do Piau\u00ed, tiveram os mandatos cassados Foto: Reprodu\u00e7\u00e3o O Tribunal Regional Eleitoral do Piau\u00ed (TRE-PI), em Sess\u00e3o&hellip; <\/p>\n","protected":false},"author":1,"featured_media":55392,"comment_status":"open","ping_status":"open","sticky":false,"template":"","format":"standard","meta":{"footnotes":""},"categories":[78],"tags":[],"class_list":["post-55391","post","type-post","status-publish","format-standard","has-post-thumbnail","hentry","category-teresina"],"_links":{"self":[{"href":"https:\/\/mpiaui.com.br\/antigo\/index.php?rest_route=\/wp\/v2\/posts\/55391","targetHints":{"allow":["GET"]}}],"collection":[{"href":"https:\/\/mpiaui.com.br\/antigo\/index.php?rest_route=\/wp\/v2\/posts"}],"about":[{"href":"https:\/\/mpiaui.com.br\/antigo\/index.php?rest_route=\/wp\/v2\/types\/post"}],"author":[{"embeddable":true,"href":"https:\/\/mpiaui.com.br\/antigo\/index.php?rest_route=\/wp\/v2\/users\/1"}],"replies":[{"embeddable":true,"href":"https:\/\/mpiaui.com.br\/antigo\/index.php?rest_route=%2Fwp%2Fv2%2Fcomments&post=55391"}],"version-history":[{"count":0,"href":"https:\/\/mpiaui.com.br\/antigo\/index.php?rest_route=\/wp\/v2\/posts\/55391\/revisions"}],"wp:featuredmedia":[{"embeddable":true,"href":"https:\/\/mpiaui.com.br\/antigo\/index.php?rest_route=\/wp\/v2\/media\/55392"}],"wp:attachment":[{"href":"https:\/\/mpiaui.com.br\/antigo\/index.php?rest_route=%2Fwp%2Fv2%2Fmedia&parent=55391"}],"wp:term":[{"taxonomy":"category","embeddable":true,"href":"https:\/\/mpiaui.com.br\/antigo\/index.php?rest_route=%2Fwp%2Fv2%2Fcategories&post=55391"},{"taxonomy":"post_tag","embeddable":true,"href":"https:\/\/mpiaui.com.br\/antigo\/index.php?rest_route=%2Fwp%2Fv2%2Ftags&post=55391"}],"curies":[{"name":"wp","href":"https:\/\/api.w.org\/{rel}","templated":true}]}}