{"id":55397,"date":"2023-05-18T19:43:34","date_gmt":"2023-05-18T22:43:34","guid":{"rendered":"https:\/\/mpiaui.com.br\/mensagem-do-prefeito-lucas-moraes-ao-dia-nacional-de-combate-ao-abuso-e-a-exploracao-sexual-contra-crianca-e-adolescentes\/"},"modified":"2023-05-18T19:43:34","modified_gmt":"2023-05-18T22:43:34","slug":"mensagem-do-prefeito-lucas-moraes-ao-dia-nacional-de-combate-ao-abuso-e-a-exploracao-sexual-contra-crianca-e-adolescentes","status":"publish","type":"post","link":"https:\/\/mpiaui.com.br\/antigo\/?p=55397","title":{"rendered":"Mensagem do prefeito Lucas Moraes ao dia nacional de combate ao abuso e a explora\u00e7\u00e3o sexual contra crian\u00e7a e adolescentes"},"content":{"rendered":"<p><\/p>\n<div id=\"post-body-2403424830402308107\" itemprop=\"description articleBody\">\n<div class=\"separator\" style=\"clear: both; text-align: center;\"><span style=\"font-family: verdana; margin-left: 1em; margin-right: 1em;\"><img decoding=\"async\" border=\"0\" src=\"https:\/\/blogger.googleusercontent.com\/img\/b\/R29vZ2xl\/AVvXsEhPTwO6oC_5n0UGewre4m-w6jE-fQGeIJBn5YqHPHRnewyzdSHxO4aU13gwP-jQ13YltUIWhOnpckY3hWo5nPNLH1u-514xd9qdcYJFcEFA3V2sYbIBp7hb5m4h2DWymx7cylq57Mm4DtiSynuPOnm1Xfo9HHPSgBT39n6Io4NgDs1biNTq76aTwn4\/w640-h640\/18-de-maio.jpg\"\/><\/span><\/div>\n<p><span style=\"font-family: verdana;\">&#8220;Caros mun\u00edcipes, hoje nos unimos em um importante momento de reflex\u00e3o e a\u00e7\u00e3o. No Dia Nacional de Combate e Preven\u00e7\u00e3o contra o Abuso e Explora\u00e7\u00e3o de Crian\u00e7as e Adolescentes, reafirmamos nosso compromisso em proteger os direitos mais fundamentais de nossos pequenos cidad\u00e3os. \u00c9 nosso dever assegurar um ambiente seguro e acolhedor, onde cada crian\u00e7a possa crescer, brincar e se desenvolver livre de qualquer forma de viol\u00eancia.<\/span><\/p>\n<p><span style=\"font-family: verdana;\">Nossa administra\u00e7\u00e3o est\u00e1 empenhada em fortalecer pol\u00edticas p\u00fablicas voltadas \u00e0 prote\u00e7\u00e3o da inf\u00e2ncia e juventude, bem como na capacita\u00e7\u00e3o de profissionais da \u00e1rea, visando identificar e intervir em situa\u00e7\u00f5es de abuso e explora\u00e7\u00e3o. Convidamos a todos os moradores a se engajarem nessa causa, denunciando qualquer forma de viol\u00eancia contra crian\u00e7as e adolescentes, e colaborando para a constru\u00e7\u00e3o de uma sociedade mais justa e segura para nossas futuras gera\u00e7\u00f5es. Juntos, podemos fazer a diferen\u00e7a e garantir que cada crian\u00e7a tenha o direito de crescer com dignidade e plenitude.&#8221;<\/span><\/p>\n<p><span style=\"font-family: verdana;\">Lucas da Silva Moraes<\/span><\/p>\n<p><span style=\"font-family: verdana;\">Prefeito de Bom Princ\u00edpio do Piau\u00ed<\/span><\/p>\n<p><span style=\"font-family: verdana;\"><b>FONTE: SECOM &#8211; PMBPP<\/b><\/span><\/p>\n<\/div>\n","protected":false},"excerpt":{"rendered":"<p>&#8220;Caros mun\u00edcipes, hoje nos unimos em um importante momento de reflex\u00e3o e a\u00e7\u00e3o. No Dia Nacional de Combate e Preven\u00e7\u00e3o contra o Abuso e Explora\u00e7\u00e3o de Crian\u00e7as e Adolescentes, reafirmamos&hellip; <\/p>\n","protected":false},"author":1,"featured_media":55398,"comment_status":"open","ping_status":"open","sticky":false,"template":"","format":"standard","meta":{"footnotes":""},"categories":[57],"tags":[],"class_list":["post-55397","post","type-post","status-publish","format-standard","has-post-thumbnail","hentry","category-parnaiba"],"_links":{"self":[{"href":"https:\/\/mpiaui.com.br\/antigo\/index.php?rest_route=\/wp\/v2\/posts\/55397","targetHints":{"allow":["GET"]}}],"collection":[{"href":"https:\/\/mpiaui.com.br\/antigo\/index.php?rest_route=\/wp\/v2\/posts"}],"about":[{"href":"https:\/\/mpiaui.com.br\/antigo\/index.php?rest_route=\/wp\/v2\/types\/post"}],"author":[{"embeddable":true,"href":"https:\/\/mpiaui.com.br\/antigo\/index.php?rest_route=\/wp\/v2\/users\/1"}],"replies":[{"embeddable":true,"href":"https:\/\/mpiaui.com.br\/antigo\/index.php?rest_route=%2Fwp%2Fv2%2Fcomments&post=55397"}],"version-history":[{"count":0,"href":"https:\/\/mpiaui.com.br\/antigo\/index.php?rest_route=\/wp\/v2\/posts\/55397\/revisions"}],"wp:featuredmedia":[{"embeddable":true,"href":"https:\/\/mpiaui.com.br\/antigo\/index.php?rest_route=\/wp\/v2\/media\/55398"}],"wp:attachment":[{"href":"https:\/\/mpiaui.com.br\/antigo\/index.php?rest_route=%2Fwp%2Fv2%2Fmedia&parent=55397"}],"wp:term":[{"taxonomy":"category","embeddable":true,"href":"https:\/\/mpiaui.com.br\/antigo\/index.php?rest_route=%2Fwp%2Fv2%2Fcategories&post=55397"},{"taxonomy":"post_tag","embeddable":true,"href":"https:\/\/mpiaui.com.br\/antigo\/index.php?rest_route=%2Fwp%2Fv2%2Ftags&post=55397"}],"curies":[{"name":"wp","href":"https:\/\/api.w.org\/{rel}","templated":true}]}}