{"id":55399,"date":"2023-05-18T20:20:23","date_gmt":"2023-05-18T23:20:23","guid":{"rendered":"https:\/\/mpiaui.com.br\/teresinense-nunes-marques-e-eleito-ministro-efetivo-do-tse\/"},"modified":"2023-05-18T20:20:23","modified_gmt":"2023-05-18T23:20:23","slug":"teresinense-nunes-marques-e-eleito-ministro-efetivo-do-tse","status":"publish","type":"post","link":"https:\/\/mpiaui.com.br\/antigo\/?p=55399","title":{"rendered":"Teresinense Nunes Marques \u00e9 eleito ministro efetivo do TSE"},"content":{"rendered":"<div>\n<p>\n                                                <img decoding=\"async\" src=\"https:\/\/piauihoje.com\/uploads\/imagens\/bancoimagemfotoaudiencia-ap-454792\" alt=\"Ministro Nunes Marques, do Supremo Tribunal Federal\" style=\"width: 100% !important;\"\/>\n                                                <\/p>\n<p>\n                                                    <span>Ministro Nunes Marques, do Supremo Tribunal Federal<\/span><br \/>\n                                                    <span>Foto: Divulga\u00e7\u00e3o\/Ag\u00eancia Brasil<\/span>\n                                                <\/p>\n<p>O ministro <strong>Nunes Marques<\/strong> foi eleito pelo <strong>Plen\u00e1rio do Supremo Tribunal Federal<\/strong> (STF) para ocupar a vaga de membro efetivo do <strong>Tribunal Superior Eleitoral <\/strong>(TSE) aberta em decorr\u00eancia da aposentadoria do ministro <strong>Ricardo Lewandowski<\/strong>. O resultado foi proclamado pela presidente do STF, ministra <strong>Rosa Weber<\/strong>.<\/p>\n<p>O presidente do TSE, ministro <strong>Alexandre de Moraes<\/strong>, saudou o novo integrante efetivo da<strong> Corte Eleitoral<\/strong> e enalteceu a bagagem adquirida pelo colega durante o per\u00edodo em que prestou servi\u00e7os \u00e0 <strong>Justi\u00e7a Eleitoral<\/strong> (JE). \u201cO ministro com certeza vai contribuir muito, como j\u00e1 vem contribuindo como ministro substituto, e, em especial, pela sua experi\u00eancia de quatro anos no Tribunal Regional Eleitoral do Piau\u00ed\u201d, afirmou Moraes.<\/p>\n<p>Nunes Marques se disse agradecido pela confian\u00e7a e pela oportunidade de poder colaborar com a JE como ministro titular da mais alta Corte Eleitoral do pa\u00eds. Ele ocupar\u00e1 uma das tr\u00eas vagas efetivas reservadas a ministros da Suprema Corte, aberta com a aposentadoria do ministro Ricardo Lewandowski em abril deste ano. O ministro j\u00e1 integrava a Corte Eleitoral na condi\u00e7\u00e3o de substituto, desde 31 de agosto de 2021.<\/p>\n<p>\u201cTenho visto nas \u00faltimas sess\u00f5es o belo caminho que tem trilhado a Justi\u00e7a Eleitoral no sentido de criar balizas s\u00f3lidas, dando seguran\u00e7a jur\u00eddica \u00e0 sociedade brasileira e \u00e0queles que se prop\u00f5em a ocupar cargos eletivos\u201d, avaliou Nunes Marques.<\/p>\n<p><strong>Perfil<br \/><\/strong><\/p>\n<p>Natural de Teresina (PI), o ministro Kassio Nunes Marques \u00e9 bacharel em Direito pela Universidade Federal do Piau\u00ed (UFPI), mestre em Direito pela Universidade Aut\u00f4noma de Lisboa, em Portugal. Atuou como advogado e foi juiz do TRE do Piau\u00ed. Tamb\u00e9m foi desembargador do Tribunal Regional Federal (TRF) da 1\u00aa Regi\u00e3o, sediado em Bras\u00edlia (DF).<\/p>\n<p><strong>Composi\u00e7\u00e3o<br \/><\/strong><\/p>\n<p>O TSE \u00e9 composto por, no m\u00ednimo, sete membros: tr\u00eas s\u00e3o provenientes do STF, dois do STJ e outros dois juristas advindos da advocacia.<\/p>\n<p>Al\u00e9m dos integrantes efetivos, tamb\u00e9m s\u00e3o designados para compor a Corte Eleitoral ministros substitutos, em igual n\u00famero, nas respectivas categorias (STF, STJ e classe dos juristas). Tais ministros s\u00e3o escolhidos do mesmo modo que os titulares dos cargos, devendo substitu\u00ed-los em caso de impedimento ou aus\u00eancia tempor\u00e1ria.<\/p>\n<p style=\"margin: 0px;\"><em>Fonte: Com informa\u00e7\u00f5es do TSE<\/em><\/p>\n<\/p><\/div>\n","protected":false},"excerpt":{"rendered":"<p>Ministro Nunes Marques, do Supremo Tribunal Federal Foto: Divulga\u00e7\u00e3o\/Ag\u00eancia Brasil O ministro Nunes Marques foi eleito pelo Plen\u00e1rio do Supremo Tribunal Federal (STF) para ocupar a vaga de membro efetivo&hellip; <\/p>\n","protected":false},"author":1,"featured_media":0,"comment_status":"open","ping_status":"open","sticky":false,"template":"","format":"standard","meta":{"footnotes":""},"categories":[78],"tags":[],"class_list":["post-55399","post","type-post","status-publish","format-standard","hentry","category-teresina"],"_links":{"self":[{"href":"https:\/\/mpiaui.com.br\/antigo\/index.php?rest_route=\/wp\/v2\/posts\/55399","targetHints":{"allow":["GET"]}}],"collection":[{"href":"https:\/\/mpiaui.com.br\/antigo\/index.php?rest_route=\/wp\/v2\/posts"}],"about":[{"href":"https:\/\/mpiaui.com.br\/antigo\/index.php?rest_route=\/wp\/v2\/types\/post"}],"author":[{"embeddable":true,"href":"https:\/\/mpiaui.com.br\/antigo\/index.php?rest_route=\/wp\/v2\/users\/1"}],"replies":[{"embeddable":true,"href":"https:\/\/mpiaui.com.br\/antigo\/index.php?rest_route=%2Fwp%2Fv2%2Fcomments&post=55399"}],"version-history":[{"count":0,"href":"https:\/\/mpiaui.com.br\/antigo\/index.php?rest_route=\/wp\/v2\/posts\/55399\/revisions"}],"wp:attachment":[{"href":"https:\/\/mpiaui.com.br\/antigo\/index.php?rest_route=%2Fwp%2Fv2%2Fmedia&parent=55399"}],"wp:term":[{"taxonomy":"category","embeddable":true,"href":"https:\/\/mpiaui.com.br\/antigo\/index.php?rest_route=%2Fwp%2Fv2%2Fcategories&post=55399"},{"taxonomy":"post_tag","embeddable":true,"href":"https:\/\/mpiaui.com.br\/antigo\/index.php?rest_route=%2Fwp%2Fv2%2Ftags&post=55399"}],"curies":[{"name":"wp","href":"https:\/\/api.w.org\/{rel}","templated":true}]}}