{"id":55401,"date":"2023-05-18T20:37:42","date_gmt":"2023-05-18T23:37:42","guid":{"rendered":"https:\/\/mpiaui.com.br\/conab-preve-aumento-de-75-na-colheita-de-cafe-em-relacao-a-2022\/"},"modified":"2023-05-18T20:37:42","modified_gmt":"2023-05-18T23:37:42","slug":"conab-preve-aumento-de-75-na-colheita-de-cafe-em-relacao-a-2022","status":"publish","type":"post","link":"https:\/\/mpiaui.com.br\/antigo\/?p=55401","title":{"rendered":"Conab prev\u00ea aumento de 7,5% na colheita de caf\u00e9 em rela\u00e7\u00e3o a 2022"},"content":{"rendered":"<p><\/p>\n<div>\n<p>O Brasil deve colher mais de 54,7 milh\u00f5es de sacas de caf\u00e9 em 2023. Segundo a Companhia Nacional de Abastecimento (Conab), \u00e9 um aumento de 7,5% em rela\u00e7\u00e3o ao ano passado e de 14% em rela\u00e7\u00e3o a 2021.<\/p>\n<p>A expectativa para o caf\u00e9 ar\u00e1bica, o tipo mais popular, \u00e9 que sejam colhidas quase 38 milh\u00f5es de sacas beneficiadas, o que representa 70% da produ\u00e7\u00e3o de caf\u00e9 no pa\u00eds.<\/p>\n<p>J\u00e1 o caf\u00e9 conilon deve ter uma produ\u00e7\u00e3o de 17 milh\u00f5es de sacas, uma redu\u00e7\u00e3o de 7,6% quando comparada \u00e0 safra passada. Mesmo com o aumento esperado na colheita de Rond\u00f4nia, Bahia e Mato Grosso n\u00e3o ser\u00e1 suficiente para compensar as perdas no Esp\u00edrito Santo.<\/p>\n<p>De acordo com o gerente de Acompanhamento de Safras da Conab, Fabiano Vasconcellos, a produ\u00e7\u00e3o se recuperou neste ano com a melhora das condi\u00e7\u00f5es clim\u00e1ticas em 2022, ap\u00f3s um ano dif\u00edcil em 2021.<\/p>\n<p>\u201cNa safra de 2022, as lavouras n\u00e3o conseguiram expressar o potencial produtivo, principalmente por conta das condi\u00e7\u00f5es clim\u00e1ticas que ocorreram em 2021. Ent\u00e3o, para esta safra, apesar de ser um ano de bienalidade negativa [oscila\u00e7\u00e3o da produ\u00e7\u00e3o para baixo], a produtividade de recupera em rela\u00e7\u00e3o \u00e0 safra passada e um pouco desse efeito se d\u00e1 pelo manejo que os produtores realizaram em 2021, quando tiveram geadas fortes, e em 2022 tamb\u00e9m\u201d.<\/p>\n<p>As exporta\u00e7\u00f5es entre janeiro e abril ca\u00edram 20% neste ano. Segundo a Conab, os estoques ficaram restritos no in\u00edcio do ano, por causa da baixa produ\u00e7\u00e3o nos anos anteriores. Para o segundo semestre, a previs\u00e3o \u00e9 que os estoques se recomponham e as exporta\u00e7\u00f5es se recuperem.<\/p>\n<\/p><\/div>\n","protected":false},"excerpt":{"rendered":"<p>O Brasil deve colher mais de 54,7 milh\u00f5es de sacas de caf\u00e9 em 2023. Segundo a Companhia Nacional de Abastecimento (Conab), \u00e9 um aumento de 7,5% em rela\u00e7\u00e3o ao ano&hellip; <\/p>\n","protected":false},"author":1,"featured_media":55402,"comment_status":"open","ping_status":"open","sticky":false,"template":"","format":"standard","meta":{"footnotes":""},"categories":[802],"tags":[],"class_list":["post-55401","post","type-post","status-publish","format-standard","has-post-thumbnail","hentry","category-nacional"],"_links":{"self":[{"href":"https:\/\/mpiaui.com.br\/antigo\/index.php?rest_route=\/wp\/v2\/posts\/55401","targetHints":{"allow":["GET"]}}],"collection":[{"href":"https:\/\/mpiaui.com.br\/antigo\/index.php?rest_route=\/wp\/v2\/posts"}],"about":[{"href":"https:\/\/mpiaui.com.br\/antigo\/index.php?rest_route=\/wp\/v2\/types\/post"}],"author":[{"embeddable":true,"href":"https:\/\/mpiaui.com.br\/antigo\/index.php?rest_route=\/wp\/v2\/users\/1"}],"replies":[{"embeddable":true,"href":"https:\/\/mpiaui.com.br\/antigo\/index.php?rest_route=%2Fwp%2Fv2%2Fcomments&post=55401"}],"version-history":[{"count":0,"href":"https:\/\/mpiaui.com.br\/antigo\/index.php?rest_route=\/wp\/v2\/posts\/55401\/revisions"}],"wp:featuredmedia":[{"embeddable":true,"href":"https:\/\/mpiaui.com.br\/antigo\/index.php?rest_route=\/wp\/v2\/media\/55402"}],"wp:attachment":[{"href":"https:\/\/mpiaui.com.br\/antigo\/index.php?rest_route=%2Fwp%2Fv2%2Fmedia&parent=55401"}],"wp:term":[{"taxonomy":"category","embeddable":true,"href":"https:\/\/mpiaui.com.br\/antigo\/index.php?rest_route=%2Fwp%2Fv2%2Fcategories&post=55401"},{"taxonomy":"post_tag","embeddable":true,"href":"https:\/\/mpiaui.com.br\/antigo\/index.php?rest_route=%2Fwp%2Fv2%2Ftags&post=55401"}],"curies":[{"name":"wp","href":"https:\/\/api.w.org\/{rel}","templated":true}]}}