{"id":55403,"date":"2023-05-18T21:55:47","date_gmt":"2023-05-19T00:55:47","guid":{"rendered":"https:\/\/mpiaui.com.br\/prefeitura-de-luis-correia-vai-fortalecer-os-viveiros-ecologicos-da-comunidade-mexiriqueira\/"},"modified":"2023-05-18T21:55:47","modified_gmt":"2023-05-19T00:55:47","slug":"prefeitura-de-luis-correia-vai-fortalecer-os-viveiros-ecologicos-da-comunidade-mexiriqueira","status":"publish","type":"post","link":"https:\/\/mpiaui.com.br\/antigo\/?p=55403","title":{"rendered":"Prefeitura de Lu\u00eds Correia vai fortalecer os viveiros ecol\u00f3gicos da comunidade Mexiriqueira"},"content":{"rendered":"<p><\/p>\n<div id=\"post-body-2955484849619564324\" itemprop=\"description articleBody\">\n<div class=\"separator\" style=\"clear: both; text-align: center;\"><span style=\"font-family: verdana; margin-left: 1em; margin-right: 1em;\"><img decoding=\"async\" src=\"https:\/\/blogger.googleusercontent.com\/img\/a\/AVvXsEitWUI8tW6bcUdXps4LfjwmkEyx0h8_ZIDXnaXiwsY39LGeUr2Gq1Ghrr0jRBiB0gAXmRWSmN1Kq6nf77r1G_c3Szo4KeFglgpdqQEakXaSM_vI7-7m1X7eKKITvY-HxDvbBUDDP72bIFqJgHP1XGxDe-zOXNCelHEdPp1_1UfppJSjlFHDz5-VcE49=w640-h480\"\/><\/span><\/div>\n<p><span style=\"font-family: verdana;\">Agricultores da comunidade Mexiriqueira, na zona rural do munic\u00edpio, receberam nesta quarta-feira (17), a visita da equipe do departamento de Meio Ambiente aos viveiros ecol\u00f3gicos. Os viveiros s\u00e3o uma iniciativa da comunidade, com o intuito de promover sustentabilidade ambiental e gera\u00e7\u00e3o de renda aos moradores da regi\u00e3o.<\/span><\/p>\n<div class=\"separator\" style=\"clear: both; text-align: center;\"><span style=\"font-family: verdana; margin-left: 1em; margin-right: 1em;\"><img decoding=\"async\" src=\"https:\/\/blogger.googleusercontent.com\/img\/a\/AVvXsEjmnoQ4lQx51lLFLCwSM6xw8kZAqM3myyN__HU929eIGCKRNrKX3zCySXLGVR-tp5ihQx1lOMyKCobg7nFC-rgTWpPm-CwHBfnXNtpZrrgDUMrKAo9Topd2KhsyiOw6sBhRwi0mFy8zP4F2tcCtH0HtIb3Dw1bx4vbJnoWgd0f7KtFa6gqSFLLt7PDb=w640-h482\"\/><\/span><\/div>\n<p><span style=\"font-family: verdana;\">Eles foram ao local para dar uma assist\u00eancia t\u00e9cnica para auxiliar e orientar o desenvolvimento, pois local ser\u00e1 implantada a base comunit\u00e1ria de turismo, fortalecendo a inclus\u00e3o social, gera\u00e7\u00e3o de renda e sustentabilidade dos recursos naturais.<\/span><\/p>\n<div class=\"separator\" style=\"clear: both; text-align: center;\"><span style=\"font-family: verdana; margin-left: 1em; margin-right: 1em;\"><img decoding=\"async\" src=\"https:\/\/blogger.googleusercontent.com\/img\/a\/AVvXsEhd2AJwL-5p346wC0vfQN2n_hl-6sh-4QjE41--_GagWmUJvO9z9gt_36eoCVGP8wckbpLGzLncBllv2ND_HZCSJSANT5W6E5HzAdA0MkeqwX_0tlfpM9n54IBGBg7QjgfIZDPPnaZ_WgmUlx_6pLG_IOg6Yu1IRJLSXorRSpXDVuLtLb--m2KNziB6=w640-h482\"\/><\/span><\/div>\n<p><span style=\"font-family: verdana;\">A prefeitura n\u00e3o vai medir esfor\u00e7os em ajudar os produtores, e ainda enfatizou a import\u00e2ncia do apoio da para com os piscicultores.<\/span><\/p>\n<\/div>\n","protected":false},"excerpt":{"rendered":"<p>Agricultores da comunidade Mexiriqueira, na zona rural do munic\u00edpio, receberam nesta quarta-feira (17), a visita da equipe do departamento de Meio Ambiente aos viveiros ecol\u00f3gicos. Os viveiros s\u00e3o uma iniciativa&hellip; <\/p>\n","protected":false},"author":1,"featured_media":0,"comment_status":"open","ping_status":"open","sticky":false,"template":"","format":"standard","meta":{"footnotes":""},"categories":[57],"tags":[],"class_list":["post-55403","post","type-post","status-publish","format-standard","hentry","category-parnaiba"],"_links":{"self":[{"href":"https:\/\/mpiaui.com.br\/antigo\/index.php?rest_route=\/wp\/v2\/posts\/55403","targetHints":{"allow":["GET"]}}],"collection":[{"href":"https:\/\/mpiaui.com.br\/antigo\/index.php?rest_route=\/wp\/v2\/posts"}],"about":[{"href":"https:\/\/mpiaui.com.br\/antigo\/index.php?rest_route=\/wp\/v2\/types\/post"}],"author":[{"embeddable":true,"href":"https:\/\/mpiaui.com.br\/antigo\/index.php?rest_route=\/wp\/v2\/users\/1"}],"replies":[{"embeddable":true,"href":"https:\/\/mpiaui.com.br\/antigo\/index.php?rest_route=%2Fwp%2Fv2%2Fcomments&post=55403"}],"version-history":[{"count":0,"href":"https:\/\/mpiaui.com.br\/antigo\/index.php?rest_route=\/wp\/v2\/posts\/55403\/revisions"}],"wp:attachment":[{"href":"https:\/\/mpiaui.com.br\/antigo\/index.php?rest_route=%2Fwp%2Fv2%2Fmedia&parent=55403"}],"wp:term":[{"taxonomy":"category","embeddable":true,"href":"https:\/\/mpiaui.com.br\/antigo\/index.php?rest_route=%2Fwp%2Fv2%2Fcategories&post=55403"},{"taxonomy":"post_tag","embeddable":true,"href":"https:\/\/mpiaui.com.br\/antigo\/index.php?rest_route=%2Fwp%2Fv2%2Ftags&post=55403"}],"curies":[{"name":"wp","href":"https:\/\/api.w.org\/{rel}","templated":true}]}}