{"id":55404,"date":"2023-05-18T22:17:27","date_gmt":"2023-05-19T01:17:27","guid":{"rendered":"https:\/\/mpiaui.com.br\/ladroes-furtam-merenda-escolar-e-eletrodomesticos-em-colegio-de-cocal\/"},"modified":"2023-05-18T22:17:27","modified_gmt":"2023-05-19T01:17:27","slug":"ladroes-furtam-merenda-escolar-e-eletrodomesticos-em-colegio-de-cocal","status":"publish","type":"post","link":"https:\/\/mpiaui.com.br\/antigo\/?p=55404","title":{"rendered":"Ladr\u00f5es furtam merenda escolar e eletrodom\u00e9sticos em col\u00e9gio de Cocal"},"content":{"rendered":"<p><\/p>\n<div id=\"post-body-6032492360755416038\" itemprop=\"description articleBody\">\n<div class=\"separator\" style=\"clear: both; text-align: center;\"><span style=\"font-family: verdana; margin-left: 1em; margin-right: 1em;\"><img decoding=\"async\" border=\"0\" src=\"https:\/\/blogger.googleusercontent.com\/img\/b\/R29vZ2xl\/AVvXsEiqLZPXo9KEDEWxI7U2MH4tjxfXoAgEJO_YRC-8lu-woklzwwZmNn6nPcev6B9pk3QYC20FjwnILQJPJ8duAqFhJtM3wh7nmVxynKoiEc6lwycPfZVc-f52sN0ilA55GXxNUWmaXJ1IhyjM0ZB7Ayq1Di4p6p2B9O5TuIe51GS4lOARRefWuj7sWVD7XQ\/w640-h426\/blog-do-coveiro-furto-escola%20(1).jpg\"\/><\/span><\/div>\n<p><span style=\"font-family: verdana;\">O Grupo Escolar Generosa Vieira Vasconcelos, localizado na comunidade Jacar\u00e9, zona rural de Cocal, munic\u00edpio da regi\u00e3o Norte do Piau\u00ed, foi invadido na noite deste domingo (14\/05), por volta das 21 horas, por criminosos que danificaram portas, arrebentaram gradeados e furtaram diversos eletrodom\u00e9sticos, material did\u00e1tico e at\u00e9 carne destinada para a merenda escolar.<\/span><\/p>\n<p><span style=\"font-family: verdana;\">O crime foi constatado na manh\u00e3 desta segunda-feira (15), no momento em que servidores chegaram ao local de trabalho e se depararam com todos os c\u00f4modos revirados e m\u00f3veis danificados. Os ladr\u00f5es subtra\u00edram de duas TVs da marca LG, 32 polegadas (novas); uma caixa de som; um liquidificador; um botij\u00e3o de g\u00e1s; uma panela de press\u00e3o; al\u00e9m de utens\u00edlios da cozinha, almoxarifado e alimentos.<\/span><\/p>\n<p><span style=\"font-family: verdana;\">O Instituto de Criminal\u00edstica compareceu no col\u00e9gio durante o turno da tarde e fez os levantamentos iniciais, que apontou que os lar\u00e1pios adentraram e sa\u00edram do interior da escola por um muro lateral, colocando cadeiras como apoio tanto na parte interna como na externa.<\/span><\/p>\n<p><span style=\"font-family: verdana;\">O pr\u00e9dio possui c\u00e2meras de seguran\u00e7a e as filmagens est\u00e3o em poder da Pol\u00edcia Civil. As imagens ajudaram a pol\u00edcia nas investiga\u00e7\u00f5es, inclusive, um dos autores j\u00e1 foi reconhecido pelos agentes, mesmo ele estando com o rosto coberto com uma camisa.<\/span><\/p>\n<p><span style=\"font-family: verdana;\">Um inqu\u00e9rito foi instaurado e os policiais esperam que ao menos um dos autores, o que foi capturado pelas c\u00e2meras, se manifeste por livre e espont\u00e2nea vontade devolvendo os objetos furtados, dando margem a atenuante de &#8220;Arrependimento Posterior&#8221;, evitando assim a possibilidade de ser preso no decorrer das investiga\u00e7\u00f5es.<\/span><\/p>\n<p><span style=\"font-family: verdana;\"><b>Informa\u00e7\u00f5es | Blog do Coveiro<\/b><\/span><\/p>\n<\/div>\n","protected":false},"excerpt":{"rendered":"<p>O Grupo Escolar Generosa Vieira Vasconcelos, localizado na comunidade Jacar\u00e9, zona rural de Cocal, munic\u00edpio da regi\u00e3o Norte do Piau\u00ed, foi invadido na noite deste domingo (14\/05), por volta das&hellip; <\/p>\n","protected":false},"author":1,"featured_media":55405,"comment_status":"open","ping_status":"open","sticky":false,"template":"","format":"standard","meta":{"footnotes":""},"categories":[57],"tags":[],"class_list":["post-55404","post","type-post","status-publish","format-standard","has-post-thumbnail","hentry","category-parnaiba"],"_links":{"self":[{"href":"https:\/\/mpiaui.com.br\/antigo\/index.php?rest_route=\/wp\/v2\/posts\/55404","targetHints":{"allow":["GET"]}}],"collection":[{"href":"https:\/\/mpiaui.com.br\/antigo\/index.php?rest_route=\/wp\/v2\/posts"}],"about":[{"href":"https:\/\/mpiaui.com.br\/antigo\/index.php?rest_route=\/wp\/v2\/types\/post"}],"author":[{"embeddable":true,"href":"https:\/\/mpiaui.com.br\/antigo\/index.php?rest_route=\/wp\/v2\/users\/1"}],"replies":[{"embeddable":true,"href":"https:\/\/mpiaui.com.br\/antigo\/index.php?rest_route=%2Fwp%2Fv2%2Fcomments&post=55404"}],"version-history":[{"count":0,"href":"https:\/\/mpiaui.com.br\/antigo\/index.php?rest_route=\/wp\/v2\/posts\/55404\/revisions"}],"wp:featuredmedia":[{"embeddable":true,"href":"https:\/\/mpiaui.com.br\/antigo\/index.php?rest_route=\/wp\/v2\/media\/55405"}],"wp:attachment":[{"href":"https:\/\/mpiaui.com.br\/antigo\/index.php?rest_route=%2Fwp%2Fv2%2Fmedia&parent=55404"}],"wp:term":[{"taxonomy":"category","embeddable":true,"href":"https:\/\/mpiaui.com.br\/antigo\/index.php?rest_route=%2Fwp%2Fv2%2Fcategories&post=55404"},{"taxonomy":"post_tag","embeddable":true,"href":"https:\/\/mpiaui.com.br\/antigo\/index.php?rest_route=%2Fwp%2Fv2%2Ftags&post=55404"}],"curies":[{"name":"wp","href":"https:\/\/api.w.org\/{rel}","templated":true}]}}