{"id":55406,"date":"2023-05-18T22:27:18","date_gmt":"2023-05-19T01:27:18","guid":{"rendered":"https:\/\/mpiaui.com.br\/alianca-fundo-amazonia-leva-causa-indigena-e-ambiental-para-cannes\/"},"modified":"2023-05-18T22:27:18","modified_gmt":"2023-05-19T01:27:18","slug":"alianca-fundo-amazonia-leva-causa-indigena-e-ambiental-para-cannes","status":"publish","type":"post","link":"https:\/\/mpiaui.com.br\/antigo\/?p=55406","title":{"rendered":"Alian\u00e7a Fundo Amaz\u00f4nia leva causa ind\u00edgena e ambiental para Cannes"},"content":{"rendered":"<p><\/p>\n<div>\n<p>O <em>Amazonia Fund<\/em> e o programa BFUCA Unesco (Federa\u00e7\u00e3o Nacional das Associa\u00e7\u00f5es, Centros e Clubes da Unesco) lan\u00e7ar\u00e3o, nos dias 21 e 22 de maio, a Alian\u00e7a Fundo Amaz\u00f4nia (<em>Amazonia Fund Alliance<\/em>, em ingl\u00eas) no Festival de Cannes, na Fran\u00e7a. O festival \u00e9 um dos principais eventos do cinema mundial.<\/p>\n<p>Na cerim\u00f4nia, est\u00e1 prevista presen\u00e7a de celebridades do mundo do cinema e de importantes lideran\u00e7as ind\u00edgenas brasileiras. Entre elas, a deputada federal C\u00e9lia Xakriab\u00e1 (PSol-MG), presidente da Comiss\u00e3o da Amaz\u00f4nia e Povos Origin\u00e1rios C\u00e2mara dos Deputados e primeira ind\u00edgena a assumir a presid\u00eancia de uma comiss\u00e3o no Congresso. O cacique Raoni, conhecido internacionalmente pela defesa dos povos ind\u00edgenas e da Amaz\u00f4nia, j\u00e1 est\u00e1 no Festival.<\/p>\n<p>O fundo tem o objetivo de financiar projetos de organiza\u00e7\u00f5es sem fins lucrativos voltados \u00e0 cria\u00e7\u00e3o de uma renda fixa para os povos ind\u00edgenas que habitam a regi\u00e3o amaz\u00f4nica. A Alian\u00e7a Fundo Amaz\u00f4nia tamb\u00e9m apoia projetos de reflorestamento, preserva\u00e7\u00e3o de rios e nascentes e redu\u00e7\u00e3o da emiss\u00e3o de carbono. A alian\u00e7a vai reunir empres\u00e1rios, funda\u00e7\u00f5es, marcas internacionais e artistas de proje\u00e7\u00e3o global.<\/p>\n<div class=\"dnd-widget-wrapper context-grande_6colunas type-image atom-align-left\">\n<div class=\"dnd-atom-rendered\"><!-- scald=328173:grande_6colunas {\"additionalClasses\":\"\"} --><\/p>\n<div class=\"shadow overflow-hidden rounded-lg d-block zoom-on-hover-sm shadow-hover w-100\">\n            <img decoding=\"async\" src=\"https:\/\/agenciabrasil.ebc.com.br\/sites\/default\/files\/thumbnails\/image\/loading_v2.gif\" data-echo=\"https:\/\/imagens.ebc.com.br\/R9osM52SSK2G5mbJyC4JV6EZSgU=\/463x0\/smart\/https:\/\/agenciabrasil.ebc.com.br\/sites\/default\/files\/thumbnails\/image\/2023-05-18t163420z_1265408276_up1ej5i1a15bn_rtrmadp_3_filmfestival-cannes-indiana-jones-premiere.jpg?itok=kTuzAwi5\" alt=\"The 76th Cannes Film Festival - Screening of the film \" indiana=\"\" jones=\"\" and=\"\" the=\"\" dial=\"\" of=\"\" destiny=\"\" out=\"\" competition=\"\" red=\"\" carpet=\"\" arrivals=\"\" title=\"REUTERS\/ SARAH MEYSSONNIER\" class=\"flex-fill img-cover\"\/><br \/>\n        <noscript><img decoding=\"async\" src=\"https:\/\/imagens.ebc.com.br\/R9osM52SSK2G5mbJyC4JV6EZSgU=\/463x0\/smart\/https:\/\/agenciabrasil.ebc.com.br\/sites\/default\/files\/thumbnails\/image\/2023-05-18t163420z_1265408276_up1ej5i1a15bn_rtrmadp_3_filmfestival-cannes-indiana-jones-premiere.jpg?itok=kTuzAwi5\" alt=\"The 76th Cannes Film Festival - Screening of the film \" indiana=\"\" jones=\"\" and=\"\" the=\"\" dial=\"\" of=\"\" destiny=\"\" out=\"\" competition=\"\" red=\"\" carpet=\"\" arrivals=\"\" title=\"REUTERS\/ SARAH MEYSSONNIER\" class=\"flex-fill img-cover\"\/><\/noscript>\n    <\/div>\n<p><!-- END scald=328173 --><\/div>\n<p><h6 class=\"meta\"><!--copyright=328173-->Cacique Raoni d\u00e1 visibilidade \u00e0 causa ind\u00edgena no Festival de Cannes, na Fran\u00e7a\u00a0&#8211; <strong>REUTERS\/ SARAH MEYSSONNIER<\/strong><!--END copyright=328173--><\/h6>\n<\/p>\n<\/div>\n<p>O <em>Amazonia Fund<\/em> e a BFUCA Unesco alertam, conforme dados divulgados pela revista Science, que o desmatamento na Amaz\u00f4nia ultrapassou a marca de 10 mil quil\u00f4metros quadrados por ano, \u00e1rea dez vezes superior a registrada h\u00e1 uma d\u00e9cada.<\/p>\n<p>No primeiro ano, a proje\u00e7\u00e3o do programa \u00e9 arrecadar US$ 5 milh\u00f5es (aproximadamente R$ 25 milh\u00f5es). A campanha prev\u00ea realiza\u00e7\u00e3o de jantares, leil\u00f5es em Cannes, concertos e eventos sociais no Brasil e em outras partes do mundo. Em setembro, est\u00e1 previsto um baile de gala beneficente no Festival de Cinema de Veneza, na It\u00e1lia.<\/p>\n<p>A alian\u00e7a \u00e9 uma iniciativa dos empres\u00e1rios franceses de entretenimento Jean-Charles Jougla e Thierry Klemeniuk.<\/p>\n<h2>Brasil em Cannes<\/h2>\n<p>O cinema brasileiro est\u00e1 presente no 76\u00ba Festival de Cannes com cinco longas-metragens e um curta-metragem nas mostras principais. O diretor cearense Karim A\u00efnouz concorre na mostra competitiva principal pela dire\u00e7\u00e3o do filme Firebrand, do Reino Unido.<\/p>\n<p>As produ\u00e7\u00f5es brasileiras concorrentes nas mostras paralelas s\u00e3o: \u201cA Flor do Buriti\u201d, de Ren\u00e9e Nader Messora e Jo\u00e3o Salaviza; &#8220;Retratos fantasmas&#8221;, de Kleber Mendon\u00e7a Filho; &#8220;Levante&#8221;, da diretora Lillah Halla; &#8220;Os Deliquentes&#8221;, de Rodrigo Moreno; &#8220;Nelson Pereira dos Santos, Vida de Cinema&#8221;, de Ivelise Ferreira e A\u00edda Marques; e &#8220;Solos&#8221;, de Pedro Vargas.<\/p>\n<p>De 16 a 27 de maio, o evento reunir\u00e1 mais de 15 mil profissionais da ind\u00fastria cinematogr\u00e1fica de 120 pa\u00edses.<\/p>\n<p>Al\u00e9m da participa\u00e7\u00e3o dos representantes dos filmes brasileiros, o Minist\u00e9rio das Rela\u00e7\u00f5es Exteriores, por meio do Instituto Guimar\u00e3es Rosa e a embaixada do Brasil em Paris, levar\u00e1 ao festival integrantes do grupo +Mulheres Lideran\u00e7as do Audiovisual Brasileiro e do Instituto Nicho 54, que estimula a carreira de profissionais negros do audiovisual no Brasil.<\/p>\n<\/p><\/div>\n","protected":false},"excerpt":{"rendered":"<p>O Amazonia Fund e o programa BFUCA Unesco (Federa\u00e7\u00e3o Nacional das Associa\u00e7\u00f5es, Centros e Clubes da Unesco) lan\u00e7ar\u00e3o, nos dias 21 e 22 de maio, a Alian\u00e7a Fundo Amaz\u00f4nia (Amazonia&hellip; <\/p>\n","protected":false},"author":1,"featured_media":55407,"comment_status":"open","ping_status":"open","sticky":false,"template":"","format":"standard","meta":{"footnotes":""},"categories":[802],"tags":[],"class_list":["post-55406","post","type-post","status-publish","format-standard","has-post-thumbnail","hentry","category-nacional"],"_links":{"self":[{"href":"https:\/\/mpiaui.com.br\/antigo\/index.php?rest_route=\/wp\/v2\/posts\/55406","targetHints":{"allow":["GET"]}}],"collection":[{"href":"https:\/\/mpiaui.com.br\/antigo\/index.php?rest_route=\/wp\/v2\/posts"}],"about":[{"href":"https:\/\/mpiaui.com.br\/antigo\/index.php?rest_route=\/wp\/v2\/types\/post"}],"author":[{"embeddable":true,"href":"https:\/\/mpiaui.com.br\/antigo\/index.php?rest_route=\/wp\/v2\/users\/1"}],"replies":[{"embeddable":true,"href":"https:\/\/mpiaui.com.br\/antigo\/index.php?rest_route=%2Fwp%2Fv2%2Fcomments&post=55406"}],"version-history":[{"count":0,"href":"https:\/\/mpiaui.com.br\/antigo\/index.php?rest_route=\/wp\/v2\/posts\/55406\/revisions"}],"wp:featuredmedia":[{"embeddable":true,"href":"https:\/\/mpiaui.com.br\/antigo\/index.php?rest_route=\/wp\/v2\/media\/55407"}],"wp:attachment":[{"href":"https:\/\/mpiaui.com.br\/antigo\/index.php?rest_route=%2Fwp%2Fv2%2Fmedia&parent=55406"}],"wp:term":[{"taxonomy":"category","embeddable":true,"href":"https:\/\/mpiaui.com.br\/antigo\/index.php?rest_route=%2Fwp%2Fv2%2Fcategories&post=55406"},{"taxonomy":"post_tag","embeddable":true,"href":"https:\/\/mpiaui.com.br\/antigo\/index.php?rest_route=%2Fwp%2Fv2%2Ftags&post=55406"}],"curies":[{"name":"wp","href":"https:\/\/api.w.org\/{rel}","templated":true}]}}