{"id":55410,"date":"2023-05-18T22:49:10","date_gmt":"2023-05-19T01:49:10","guid":{"rendered":"https:\/\/mpiaui.com.br\/vereadores-do-rj-discutem-acoes-de-prevencao-e-seguranca-para-escolas\/"},"modified":"2023-05-18T22:49:10","modified_gmt":"2023-05-19T01:49:10","slug":"vereadores-do-rj-discutem-acoes-de-prevencao-e-seguranca-para-escolas","status":"publish","type":"post","link":"https:\/\/mpiaui.com.br\/antigo\/?p=55410","title":{"rendered":"Vereadores do RJ discutem a\u00e7\u00f5es de preven\u00e7\u00e3o e seguran\u00e7a para escolas"},"content":{"rendered":"<p><\/p>\n<div>\n<p>Uma frente parlamentar criada na C\u00e2mara dos Vereadores do Rio de Janeiro para fiscalizar a seguran\u00e7a nas escolas do munic\u00edpio do Rio discutiu, nesta quinta-feira (18), a\u00e7\u00f5es de preven\u00e7\u00e3o que ser\u00e3o implementadas para combater a viol\u00eancia na rede p\u00fablica de ensino.<\/p>\n<p>No encontro, o professor Hugo Nepomuceno, representando o secret\u00e1rio municipal de Educa\u00e7\u00e3o Renan Ferreirinha, afirmou que mais de mil profissionais j\u00e1 foram capacitados para lidar com a din\u00e2mica da viol\u00eancia, com quest\u00f5es de conviv\u00eancia nas escolas e com o aplicativo Escola Segura.<\/p>\n<p>\u201cDesde o lan\u00e7amento do aplicativo, finalizamos o ciclo com os diretores, com a participa\u00e7\u00e3o de mais de 1500 profissionais. Vamos avan\u00e7ar na forma\u00e7\u00e3o dos adjuntos e dos coordenadores pedag\u00f3gicos. Precisamos criar uma cultura de notifica\u00e7\u00e3o. Isso \u00e9 rotina. \u00c9 pr\u00e1tica\u201d, afirmou.<\/p>\n<p>J\u00e1 o vereador C\u00e9lio Lupparelli (PSD), presidente da frente parlamentar, disse que as a\u00e7\u00f5es preventivas devem ir al\u00e9m da coloca\u00e7\u00e3o de porteiros, guardas ou policiais na porta das escolas. \u201cAchamos a ideia interessante, mas n\u00e3o vai solucionar o problema. A viol\u00eancia n\u00e3o pode ser minimizada. Trata-se de um tema complexo e a a\u00e7\u00e3o deve ser conjunta, com atores como a fam\u00edlia, a igreja, o Estado, a m\u00eddia e os educadores\u201d.<\/p>\n<p>O representante da Secretaria Municipal de Educa\u00e7\u00e3o explicou que o aplicativo lan\u00e7ado pela prefeitura tem o papel de qualificar a notifica\u00e7\u00e3o para futuras preven\u00e7\u00f5es, e n\u00e3o de evitar a viol\u00eancia. \u201cOs casos de agress\u00e3o nas escolas precisam ter visibilidade. O papel do aplicativo \u00e9 tratar o que acontece no ch\u00e3o da escola. Acreditamos que os casos v\u00e3o diminuir\u201d, avaliou Nepomuceno.<\/p>\n<h2>Car\u00eancia<\/h2>\n<p>De acordo com a vereadora Luciana Boiteaux (Psol), a Secretaria de Educa\u00e7\u00e3o tem car\u00eancia de psic\u00f3logos, assistentes sociais e porteiros. \u201cN\u00f3s temos denunciado a car\u00eancia de profissionais na rede municipal de ensino. Hoje, o n\u00famero \u00e9 insuficiente. Ningu\u00e9m tem d\u00favida sobre a import\u00e2ncia destes profissionais para a preven\u00e7\u00e3o dessa viol\u00eancia contra as escolas\u201d.<\/p>\n<p>O promotor de Justi\u00e7a Roberto Mauro, por sua vez, apontou as dificuldades da rede p\u00fablica de ensino, com um n\u00famero reduzido de professores, sem inspetores e sem infraestrutura para o atendimento de alunos. \u201cNesse ambiente, fica mais dif\u00edcil estabelecer uma cultura de paz e de preven\u00e7\u00e3o aos atos de viol\u00eancia\u201d.<\/p>\n<p>Para o promotor, o problema parece ser mais de educa\u00e7\u00e3o e de sa\u00fade do que de seguran\u00e7a. \u201cTemos o costume de expulsar o aluno agressor. Ele se muda para outra escola, sem qualquer acompanhamento, sem que esse hist\u00f3rico seja levado, sem que ele seja ouvido e acolhido para que possamos entender o que de fato causou aquela viol\u00eancia. Temos que ter equipes multidisciplinares, com psic\u00f3logos e assistentes, com a\u00e7\u00f5es continuadas\u201d, avaliou.<\/p>\n<p>A representante do Sindicato Estadual dos Profissionais da Educa\u00e7\u00e3o (Sepe), Samanta Guedes revelou que, atualmente, h\u00e1 apenas 76 psic\u00f3logos e 75 assistentes sociais para o atendimento de 8.552 crian\u00e7as na rede p\u00fablica. \u201cN\u00f3s fizemos concurso para educa\u00e7\u00e3o e n\u00e3o para seguran\u00e7a. Precisamos de espa\u00e7os de forma\u00e7\u00e3o de cultura de uma escola integral, com profissionais concursados. Defendemos que dentro das unidades escolares tenham educadores de fato\u201d, destacou.<\/p>\n<p>*com informa\u00e7\u00f5es da C\u00e2mara Municipal do Rio de Janeiro<\/p>\n<\/p><\/div>\n","protected":false},"excerpt":{"rendered":"<p>Uma frente parlamentar criada na C\u00e2mara dos Vereadores do Rio de Janeiro para fiscalizar a seguran\u00e7a nas escolas do munic\u00edpio do Rio discutiu, nesta quinta-feira (18), a\u00e7\u00f5es de preven\u00e7\u00e3o que&hellip; <\/p>\n","protected":false},"author":1,"featured_media":51712,"comment_status":"open","ping_status":"open","sticky":false,"template":"","format":"standard","meta":{"footnotes":""},"categories":[802],"tags":[],"class_list":["post-55410","post","type-post","status-publish","format-standard","has-post-thumbnail","hentry","category-nacional"],"_links":{"self":[{"href":"https:\/\/mpiaui.com.br\/antigo\/index.php?rest_route=\/wp\/v2\/posts\/55410","targetHints":{"allow":["GET"]}}],"collection":[{"href":"https:\/\/mpiaui.com.br\/antigo\/index.php?rest_route=\/wp\/v2\/posts"}],"about":[{"href":"https:\/\/mpiaui.com.br\/antigo\/index.php?rest_route=\/wp\/v2\/types\/post"}],"author":[{"embeddable":true,"href":"https:\/\/mpiaui.com.br\/antigo\/index.php?rest_route=\/wp\/v2\/users\/1"}],"replies":[{"embeddable":true,"href":"https:\/\/mpiaui.com.br\/antigo\/index.php?rest_route=%2Fwp%2Fv2%2Fcomments&post=55410"}],"version-history":[{"count":0,"href":"https:\/\/mpiaui.com.br\/antigo\/index.php?rest_route=\/wp\/v2\/posts\/55410\/revisions"}],"wp:featuredmedia":[{"embeddable":true,"href":"https:\/\/mpiaui.com.br\/antigo\/index.php?rest_route=\/wp\/v2\/media\/51712"}],"wp:attachment":[{"href":"https:\/\/mpiaui.com.br\/antigo\/index.php?rest_route=%2Fwp%2Fv2%2Fmedia&parent=55410"}],"wp:term":[{"taxonomy":"category","embeddable":true,"href":"https:\/\/mpiaui.com.br\/antigo\/index.php?rest_route=%2Fwp%2Fv2%2Fcategories&post=55410"},{"taxonomy":"post_tag","embeddable":true,"href":"https:\/\/mpiaui.com.br\/antigo\/index.php?rest_route=%2Fwp%2Fv2%2Ftags&post=55410"}],"curies":[{"name":"wp","href":"https:\/\/api.w.org\/{rel}","templated":true}]}}