{"id":55418,"date":"2023-05-19T10:04:36","date_gmt":"2023-05-19T13:04:36","guid":{"rendered":"https:\/\/mpiaui.com.br\/thesco-silva-assumira-secretaria-de-comunicacao-da-prefeitura-de-teresina\/"},"modified":"2023-05-19T10:04:36","modified_gmt":"2023-05-19T13:04:36","slug":"thesco-silva-assumira-secretaria-de-comunicacao-da-prefeitura-de-teresina","status":"publish","type":"post","link":"https:\/\/mpiaui.com.br\/antigo\/?p=55418","title":{"rendered":"Thesco Silva assumir\u00e1 Secretaria de Comunica\u00e7\u00e3o da Prefeitura de Teresina"},"content":{"rendered":"<p> [ad_1]<br \/>\n<\/p>\n<div>\n<p>O publicit\u00e1rio Francisco Alves da Silva, conhecido como Thesco Silva, de 54 anos, ser\u00e1 o novo secret\u00e1rio de Comunica\u00e7\u00e3o da Prefeitura de Teresina. Ele assumir\u00e1 o cargo no lugar do jornalista Lucas Pereira que\u00a0<a href=\"https:\/\/a10mais.com\/noticias\/politica\/lucas-pereira-pede-demissao-do-cargo-de-secretario-de-comunicacao-da-pmt-11764.html\">pediu exonera\u00e7\u00e3o no dia 9 de maio.<\/a><\/p>\n<p>O\u00a0A10+\u00a0apurou em 1\u00aa m\u00e3o que a nomea\u00e7\u00e3o dever\u00e1 ser publicada nas pr\u00f3ximas horas no Di\u00e1rio Oficial do Munic\u00edpio. Thesco aceitou o convite do prefeito Dr. Pessoa (Republicanos) para comandar a pasta que \u00e9 respons\u00e1vel por toda comunica\u00e7\u00e3o da Prefeitura.<\/p>\n<p>Desde o an\u00fancio da sa\u00edda de Lucas Pereira, o prefeito estava em busca de um novo nome para comandar a Secretaria. Thesco Silva tem passagens por diversos grupos de comunica\u00e7\u00e3o, entre eles, a\u00a0TV Antena 10.\u00a0Ele \u00e9 bacharel em Direito e radialista.<\/p>\n<p>A reportagem apurou ainda que desde quinta-feira, secret\u00e1rios comentavam que um publicit\u00e1rio assumiria a comunica\u00e7\u00e3o do munic\u00edpio, e o nome de Thesco era um dos citados.<\/p>\n<h2><strong>Outras mudan\u00e7as<\/strong><\/h2>\n<p>Dr. Pessoa tem feito uma s\u00e9rie de mudan\u00e7as na prefeitura para fortalecer sua base sua base pol\u00edtica, come\u00e7ando pela Funda\u00e7\u00e3o Municipal de Sa\u00fade, com a mudan\u00e7a de Clara Leal, que passou para uma diretoria no \u00f3rg\u00e3o e em seu lugar assumiu os ex-procurador Ari Ricardo.<\/p>\n<p>Na Funda\u00e7\u00e3o Cultural Monsenhor Chaves saiu\u00a0<a href=\"https:\/\/a10mais.com\/noticias\/politica\/prefeito-exonera-enio-portela-e-nomeia-neto-do-angelim-para-comandar-fundacao-monsenhor-chaves-11863.html\">\u00canio Portela, indica\u00e7\u00e3o do Solidariedade, e assumiu Neto do Angelim.<\/a><\/p>\n<p>O prefeito de Teresina tamb\u00e9m exonerou Jos\u00e9 Lopes da Saad Sudeste I, e nomeou Vanicleide Queiroz, esposa do vereador Capit\u00e3o Roberval, e nos pr\u00f3ximos dias o ex- vereador de Teresina, Paulo Roberto da Ilumina\u00e7\u00e3o deve assumir a Secretaria Municipal de Produ\u00e7\u00e3o Agropecu\u00e1ria.<\/p>\n<p>Fonte A10+<\/p>\n<\/p><\/div>\n","protected":false},"excerpt":{"rendered":"<p>[ad_1] O publicit\u00e1rio Francisco Alves da Silva, conhecido como Thesco Silva, de 54 anos, ser\u00e1 o novo secret\u00e1rio de Comunica\u00e7\u00e3o da Prefeitura de Teresina. Ele assumir\u00e1 o cargo no lugar&hellip; <\/p>\n","protected":false},"author":1,"featured_media":55419,"comment_status":"open","ping_status":"open","sticky":false,"template":"","format":"standard","meta":{"footnotes":""},"categories":[22],"tags":[],"class_list":["post-55418","post","type-post","status-publish","format-standard","has-post-thumbnail","hentry","category-politica"],"_links":{"self":[{"href":"https:\/\/mpiaui.com.br\/antigo\/index.php?rest_route=\/wp\/v2\/posts\/55418","targetHints":{"allow":["GET"]}}],"collection":[{"href":"https:\/\/mpiaui.com.br\/antigo\/index.php?rest_route=\/wp\/v2\/posts"}],"about":[{"href":"https:\/\/mpiaui.com.br\/antigo\/index.php?rest_route=\/wp\/v2\/types\/post"}],"author":[{"embeddable":true,"href":"https:\/\/mpiaui.com.br\/antigo\/index.php?rest_route=\/wp\/v2\/users\/1"}],"replies":[{"embeddable":true,"href":"https:\/\/mpiaui.com.br\/antigo\/index.php?rest_route=%2Fwp%2Fv2%2Fcomments&post=55418"}],"version-history":[{"count":0,"href":"https:\/\/mpiaui.com.br\/antigo\/index.php?rest_route=\/wp\/v2\/posts\/55418\/revisions"}],"wp:featuredmedia":[{"embeddable":true,"href":"https:\/\/mpiaui.com.br\/antigo\/index.php?rest_route=\/wp\/v2\/media\/55419"}],"wp:attachment":[{"href":"https:\/\/mpiaui.com.br\/antigo\/index.php?rest_route=%2Fwp%2Fv2%2Fmedia&parent=55418"}],"wp:term":[{"taxonomy":"category","embeddable":true,"href":"https:\/\/mpiaui.com.br\/antigo\/index.php?rest_route=%2Fwp%2Fv2%2Fcategories&post=55418"},{"taxonomy":"post_tag","embeddable":true,"href":"https:\/\/mpiaui.com.br\/antigo\/index.php?rest_route=%2Fwp%2Fv2%2Ftags&post=55418"}],"curies":[{"name":"wp","href":"https:\/\/api.w.org\/{rel}","templated":true}]}}