{"id":55422,"date":"2023-05-19T10:10:24","date_gmt":"2023-05-19T13:10:24","guid":{"rendered":"https:\/\/mpiaui.com.br\/oeiras-leva-experiencias-exitosas-ao-congresso-de-secretarias-municipais-de-saude-do-piaui\/"},"modified":"2023-05-19T12:58:30","modified_gmt":"2023-05-19T15:58:30","slug":"oeiras-leva-experiencias-exitosas-ao-congresso-de-secretarias-municipais-de-saude-do-piaui","status":"publish","type":"post","link":"https:\/\/mpiaui.com.br\/antigo\/?p=55422","title":{"rendered":"Oeiras leva experi\u00eancias exitosas ao Congresso de Secretarias Municipais de Sa\u00fade do Piau\u00ed"},"content":{"rendered":"<p><\/p>\n<div>\n<p>A Secretaria Municipal de Sa\u00fade participou nesta ter\u00e7a e quarta-feira, 16 e 17 de maio, do XIII Congresso de Secretarias Municipais de Sa\u00fade do Piau\u00ed e da 8\u00aa Mostra Piau\u00ed Aqui tem SUS, promovido pelo Conselho de Secretarias Municipais de Sa\u00fade do Piau\u00ed (COSEMS\/PI), em Teresina.<\/p>\n<p><a href=\"http:\/\/oeiras.pi.gov.br\/wp-content\/uploads\/2023\/05\/mostra.jpg\"><img loading=\"lazy\" decoding=\"async\" class=\"alignnone size-full wp-image-33583\" src=\"http:\/\/oeiras.pi.gov.br\/wp-content\/uploads\/2023\/05\/mostra.jpg\" alt=\"\" width=\"1440\" height=\"1080\" srcset=\"https:\/\/oeiras.pi.gov.br\/wp-content\/uploads\/2023\/05\/mostra.jpg 1440w, https:\/\/oeiras.pi.gov.br\/wp-content\/uploads\/2023\/05\/mostra-300x225.jpg 300w, https:\/\/oeiras.pi.gov.br\/wp-content\/uploads\/2023\/05\/mostra-768x576.jpg 768w, https:\/\/oeiras.pi.gov.br\/wp-content\/uploads\/2023\/05\/mostra-1024x768.jpg 1024w, https:\/\/oeiras.pi.gov.br\/wp-content\/uploads\/2023\/05\/mostra-80x60.jpg 80w, https:\/\/oeiras.pi.gov.br\/wp-content\/uploads\/2023\/05\/mostra-265x198.jpg 265w, https:\/\/oeiras.pi.gov.br\/wp-content\/uploads\/2023\/05\/mostra-696x522.jpg 696w, https:\/\/oeiras.pi.gov.br\/wp-content\/uploads\/2023\/05\/mostra-1068x801.jpg 1068w, https:\/\/oeiras.pi.gov.br\/wp-content\/uploads\/2023\/05\/mostra-560x420.jpg 560w\" sizes=\"auto, (max-width: 1440px) 100vw, 1440px\"\/><\/a><\/p>\n<p>Considerado o maior evento de sa\u00fade p\u00fablica do Piau\u00ed, o Congresso contou com a presen\u00e7a de autoridades, gestores, t\u00e9cnicos e profissionais renomados do segmento para tratar de temas como assist\u00eancia farmac\u00eautica, sa\u00fade digital, desigualdade regionais e busca fortalecer mais ainda o SUS e a gest\u00e3o municipal.<\/p>\n<p>Na 8\u00aa Mostra Piau\u00ed Aqui tem SUS foram apresentadas 130 experi\u00eancias exitosas, 17 premiadas com men\u00e7\u00e3o honrosa. Oeiras figurou com destaque e apresentou experi\u00eancias exitosas, que valorizam os servi\u00e7os e profissionais de sa\u00fade mostrando exemplos positivos de iniciativas inovadoras que fortalecem a Aten\u00e7\u00e3o B\u00e1sica.<\/p>\n<p>A experi\u00eancia \u201cPlantando Esperan\u00e7a e Vida: Campanha Setembro Amarelo e o Fortalecimento da Rede Intersetorial de Oeiras\u201d conquistou a 15\u00aa posi\u00e7\u00e3o na Mostra, que tem como objetivo dar visibilidade \u00e0s experi\u00eancias das equipes e gest\u00e3o nos munic\u00edpios.<\/p>\n<p><a href=\"http:\/\/oeiras.pi.gov.br\/wp-content\/uploads\/2023\/05\/mostra1.jpg\"><img loading=\"lazy\" decoding=\"async\" class=\"alignnone size-full wp-image-33584\" src=\"http:\/\/oeiras.pi.gov.br\/wp-content\/uploads\/2023\/05\/mostra1.jpg\" alt=\"\" width=\"1440\" height=\"1080\" srcset=\"https:\/\/oeiras.pi.gov.br\/wp-content\/uploads\/2023\/05\/mostra1.jpg 1440w, https:\/\/oeiras.pi.gov.br\/wp-content\/uploads\/2023\/05\/mostra1-300x225.jpg 300w, https:\/\/oeiras.pi.gov.br\/wp-content\/uploads\/2023\/05\/mostra1-768x576.jpg 768w, https:\/\/oeiras.pi.gov.br\/wp-content\/uploads\/2023\/05\/mostra1-1024x768.jpg 1024w, https:\/\/oeiras.pi.gov.br\/wp-content\/uploads\/2023\/05\/mostra1-80x60.jpg 80w, https:\/\/oeiras.pi.gov.br\/wp-content\/uploads\/2023\/05\/mostra1-265x198.jpg 265w, https:\/\/oeiras.pi.gov.br\/wp-content\/uploads\/2023\/05\/mostra1-696x522.jpg 696w, https:\/\/oeiras.pi.gov.br\/wp-content\/uploads\/2023\/05\/mostra1-1068x801.jpg 1068w, https:\/\/oeiras.pi.gov.br\/wp-content\/uploads\/2023\/05\/mostra1-560x420.jpg 560w\" sizes=\"auto, (max-width: 1440px) 100vw, 1440px\"\/><\/a> <a href=\"http:\/\/oeiras.pi.gov.br\/wp-content\/uploads\/2023\/05\/mostra2.jpg\"><img loading=\"lazy\" decoding=\"async\" class=\"alignnone size-full wp-image-33585\" src=\"http:\/\/oeiras.pi.gov.br\/wp-content\/uploads\/2023\/05\/mostra2.jpg\" alt=\"\" width=\"1200\" height=\"900\" srcset=\"https:\/\/oeiras.pi.gov.br\/wp-content\/uploads\/2023\/05\/mostra2.jpg 1200w, https:\/\/oeiras.pi.gov.br\/wp-content\/uploads\/2023\/05\/mostra2-300x225.jpg 300w, https:\/\/oeiras.pi.gov.br\/wp-content\/uploads\/2023\/05\/mostra2-768x576.jpg 768w, https:\/\/oeiras.pi.gov.br\/wp-content\/uploads\/2023\/05\/mostra2-1024x768.jpg 1024w, https:\/\/oeiras.pi.gov.br\/wp-content\/uploads\/2023\/05\/mostra2-80x60.jpg 80w, https:\/\/oeiras.pi.gov.br\/wp-content\/uploads\/2023\/05\/mostra2-265x198.jpg 265w, https:\/\/oeiras.pi.gov.br\/wp-content\/uploads\/2023\/05\/mostra2-696x522.jpg 696w, https:\/\/oeiras.pi.gov.br\/wp-content\/uploads\/2023\/05\/mostra2-1068x801.jpg 1068w, https:\/\/oeiras.pi.gov.br\/wp-content\/uploads\/2023\/05\/mostra2-560x420.jpg 560w\" sizes=\"auto, (max-width: 1200px) 100vw, 1200px\"\/><\/a> <a href=\"http:\/\/oeiras.pi.gov.br\/wp-content\/uploads\/2023\/05\/mostra3.jpg\"><img loading=\"lazy\" decoding=\"async\" class=\"alignnone size-full wp-image-33586\" src=\"http:\/\/oeiras.pi.gov.br\/wp-content\/uploads\/2023\/05\/mostra3.jpg\" alt=\"\" width=\"1205\" height=\"908\" srcset=\"https:\/\/oeiras.pi.gov.br\/wp-content\/uploads\/2023\/05\/mostra3.jpg 1205w, https:\/\/oeiras.pi.gov.br\/wp-content\/uploads\/2023\/05\/mostra3-300x226.jpg 300w, https:\/\/oeiras.pi.gov.br\/wp-content\/uploads\/2023\/05\/mostra3-768x579.jpg 768w, https:\/\/oeiras.pi.gov.br\/wp-content\/uploads\/2023\/05\/mostra3-1024x772.jpg 1024w, https:\/\/oeiras.pi.gov.br\/wp-content\/uploads\/2023\/05\/mostra3-80x60.jpg 80w, https:\/\/oeiras.pi.gov.br\/wp-content\/uploads\/2023\/05\/mostra3-696x524.jpg 696w, https:\/\/oeiras.pi.gov.br\/wp-content\/uploads\/2023\/05\/mostra3-1068x805.jpg 1068w, https:\/\/oeiras.pi.gov.br\/wp-content\/uploads\/2023\/05\/mostra3-557x420.jpg 557w\" sizes=\"auto, (max-width: 1205px) 100vw, 1205px\"\/><\/a> <a href=\"http:\/\/oeiras.pi.gov.br\/wp-content\/uploads\/2023\/05\/mostra4.jpg\"><img loading=\"lazy\" decoding=\"async\" class=\"alignnone size-full wp-image-33587\" src=\"http:\/\/oeiras.pi.gov.br\/wp-content\/uploads\/2023\/05\/mostra4.jpg\" alt=\"\" width=\"1440\" height=\"1080\" srcset=\"https:\/\/oeiras.pi.gov.br\/wp-content\/uploads\/2023\/05\/mostra4.jpg 1440w, https:\/\/oeiras.pi.gov.br\/wp-content\/uploads\/2023\/05\/mostra4-300x225.jpg 300w, https:\/\/oeiras.pi.gov.br\/wp-content\/uploads\/2023\/05\/mostra4-768x576.jpg 768w, https:\/\/oeiras.pi.gov.br\/wp-content\/uploads\/2023\/05\/mostra4-1024x768.jpg 1024w, https:\/\/oeiras.pi.gov.br\/wp-content\/uploads\/2023\/05\/mostra4-80x60.jpg 80w, https:\/\/oeiras.pi.gov.br\/wp-content\/uploads\/2023\/05\/mostra4-265x198.jpg 265w, https:\/\/oeiras.pi.gov.br\/wp-content\/uploads\/2023\/05\/mostra4-696x522.jpg 696w, https:\/\/oeiras.pi.gov.br\/wp-content\/uploads\/2023\/05\/mostra4-1068x801.jpg 1068w, https:\/\/oeiras.pi.gov.br\/wp-content\/uploads\/2023\/05\/mostra4-560x420.jpg 560w\" sizes=\"auto, (max-width: 1440px) 100vw, 1440px\"\/><\/a> <a href=\"http:\/\/oeiras.pi.gov.br\/wp-content\/uploads\/2023\/05\/mostra5.jpg\"><img loading=\"lazy\" decoding=\"async\" class=\"alignnone size-full wp-image-33588\" src=\"http:\/\/oeiras.pi.gov.br\/wp-content\/uploads\/2023\/05\/mostra5.jpg\" alt=\"\" width=\"1440\" height=\"1080\" srcset=\"https:\/\/oeiras.pi.gov.br\/wp-content\/uploads\/2023\/05\/mostra5.jpg 1440w, https:\/\/oeiras.pi.gov.br\/wp-content\/uploads\/2023\/05\/mostra5-300x225.jpg 300w, https:\/\/oeiras.pi.gov.br\/wp-content\/uploads\/2023\/05\/mostra5-768x576.jpg 768w, https:\/\/oeiras.pi.gov.br\/wp-content\/uploads\/2023\/05\/mostra5-1024x768.jpg 1024w, https:\/\/oeiras.pi.gov.br\/wp-content\/uploads\/2023\/05\/mostra5-80x60.jpg 80w, https:\/\/oeiras.pi.gov.br\/wp-content\/uploads\/2023\/05\/mostra5-265x198.jpg 265w, https:\/\/oeiras.pi.gov.br\/wp-content\/uploads\/2023\/05\/mostra5-696x522.jpg 696w, https:\/\/oeiras.pi.gov.br\/wp-content\/uploads\/2023\/05\/mostra5-1068x801.jpg 1068w, https:\/\/oeiras.pi.gov.br\/wp-content\/uploads\/2023\/05\/mostra5-560x420.jpg 560w\" sizes=\"auto, (max-width: 1440px) 100vw, 1440px\"\/><\/a> <a href=\"http:\/\/oeiras.pi.gov.br\/wp-content\/uploads\/2023\/05\/mostra6.jpg\"><img loading=\"lazy\" decoding=\"async\" class=\"alignnone size-full wp-image-33589\" src=\"http:\/\/oeiras.pi.gov.br\/wp-content\/uploads\/2023\/05\/mostra6.jpg\" alt=\"\" width=\"1440\" height=\"1085\" srcset=\"https:\/\/oeiras.pi.gov.br\/wp-content\/uploads\/2023\/05\/mostra6.jpg 1440w, https:\/\/oeiras.pi.gov.br\/wp-content\/uploads\/2023\/05\/mostra6-300x226.jpg 300w, https:\/\/oeiras.pi.gov.br\/wp-content\/uploads\/2023\/05\/mostra6-768x579.jpg 768w, https:\/\/oeiras.pi.gov.br\/wp-content\/uploads\/2023\/05\/mostra6-1024x772.jpg 1024w, https:\/\/oeiras.pi.gov.br\/wp-content\/uploads\/2023\/05\/mostra6-80x60.jpg 80w, https:\/\/oeiras.pi.gov.br\/wp-content\/uploads\/2023\/05\/mostra6-696x524.jpg 696w, https:\/\/oeiras.pi.gov.br\/wp-content\/uploads\/2023\/05\/mostra6-1068x805.jpg 1068w, https:\/\/oeiras.pi.gov.br\/wp-content\/uploads\/2023\/05\/mostra6-557x420.jpg 557w\" sizes=\"auto, (max-width: 1440px) 100vw, 1440px\"\/><\/a> <a href=\"http:\/\/oeiras.pi.gov.br\/wp-content\/uploads\/2023\/05\/mostra7.jpg\"><img loading=\"lazy\" decoding=\"async\" class=\"alignnone size-full wp-image-33590\" src=\"http:\/\/oeiras.pi.gov.br\/wp-content\/uploads\/2023\/05\/mostra7.jpg\" alt=\"\" width=\"1440\" height=\"1080\" srcset=\"https:\/\/oeiras.pi.gov.br\/wp-content\/uploads\/2023\/05\/mostra7.jpg 1440w, https:\/\/oeiras.pi.gov.br\/wp-content\/uploads\/2023\/05\/mostra7-300x225.jpg 300w, https:\/\/oeiras.pi.gov.br\/wp-content\/uploads\/2023\/05\/mostra7-768x576.jpg 768w, https:\/\/oeiras.pi.gov.br\/wp-content\/uploads\/2023\/05\/mostra7-1024x768.jpg 1024w, https:\/\/oeiras.pi.gov.br\/wp-content\/uploads\/2023\/05\/mostra7-80x60.jpg 80w, https:\/\/oeiras.pi.gov.br\/wp-content\/uploads\/2023\/05\/mostra7-265x198.jpg 265w, https:\/\/oeiras.pi.gov.br\/wp-content\/uploads\/2023\/05\/mostra7-696x522.jpg 696w, https:\/\/oeiras.pi.gov.br\/wp-content\/uploads\/2023\/05\/mostra7-1068x801.jpg 1068w, https:\/\/oeiras.pi.gov.br\/wp-content\/uploads\/2023\/05\/mostra7-560x420.jpg 560w\" sizes=\"auto, (max-width: 1440px) 100vw, 1440px\"\/><\/a> <a href=\"http:\/\/oeiras.pi.gov.br\/wp-content\/uploads\/2023\/05\/mostra8.jpg\"><img loading=\"lazy\" decoding=\"async\" class=\"alignnone size-full wp-image-33591\" src=\"http:\/\/oeiras.pi.gov.br\/wp-content\/uploads\/2023\/05\/mostra8.jpg\" alt=\"\" width=\"1440\" height=\"1080\" srcset=\"https:\/\/oeiras.pi.gov.br\/wp-content\/uploads\/2023\/05\/mostra8.jpg 1440w, https:\/\/oeiras.pi.gov.br\/wp-content\/uploads\/2023\/05\/mostra8-300x225.jpg 300w, https:\/\/oeiras.pi.gov.br\/wp-content\/uploads\/2023\/05\/mostra8-768x576.jpg 768w, https:\/\/oeiras.pi.gov.br\/wp-content\/uploads\/2023\/05\/mostra8-1024x768.jpg 1024w, https:\/\/oeiras.pi.gov.br\/wp-content\/uploads\/2023\/05\/mostra8-80x60.jpg 80w, https:\/\/oeiras.pi.gov.br\/wp-content\/uploads\/2023\/05\/mostra8-265x198.jpg 265w, https:\/\/oeiras.pi.gov.br\/wp-content\/uploads\/2023\/05\/mostra8-696x522.jpg 696w, https:\/\/oeiras.pi.gov.br\/wp-content\/uploads\/2023\/05\/mostra8-1068x801.jpg 1068w, https:\/\/oeiras.pi.gov.br\/wp-content\/uploads\/2023\/05\/mostra8-560x420.jpg 560w\" sizes=\"auto, (max-width: 1440px) 100vw, 1440px\"\/><\/a> <a href=\"http:\/\/oeiras.pi.gov.br\/wp-content\/uploads\/2023\/05\/mostra9.jpg\"><img loading=\"lazy\" decoding=\"async\" class=\"alignnone size-full wp-image-33592\" src=\"http:\/\/oeiras.pi.gov.br\/wp-content\/uploads\/2023\/05\/mostra9.jpg\" alt=\"\" width=\"1440\" height=\"1080\" srcset=\"https:\/\/oeiras.pi.gov.br\/wp-content\/uploads\/2023\/05\/mostra9.jpg 1440w, https:\/\/oeiras.pi.gov.br\/wp-content\/uploads\/2023\/05\/mostra9-300x225.jpg 300w, https:\/\/oeiras.pi.gov.br\/wp-content\/uploads\/2023\/05\/mostra9-768x576.jpg 768w, https:\/\/oeiras.pi.gov.br\/wp-content\/uploads\/2023\/05\/mostra9-1024x768.jpg 1024w, https:\/\/oeiras.pi.gov.br\/wp-content\/uploads\/2023\/05\/mostra9-80x60.jpg 80w, https:\/\/oeiras.pi.gov.br\/wp-content\/uploads\/2023\/05\/mostra9-265x198.jpg 265w, https:\/\/oeiras.pi.gov.br\/wp-content\/uploads\/2023\/05\/mostra9-696x522.jpg 696w, https:\/\/oeiras.pi.gov.br\/wp-content\/uploads\/2023\/05\/mostra9-1068x801.jpg 1068w, https:\/\/oeiras.pi.gov.br\/wp-content\/uploads\/2023\/05\/mostra9-560x420.jpg 560w\" sizes=\"auto, (max-width: 1440px) 100vw, 1440px\"\/><\/a><\/p>\n<\/p><\/div>\n","protected":false},"excerpt":{"rendered":"<p>A Secretaria Municipal de Sa\u00fade participou nesta ter\u00e7a e quarta-feira, 16 e 17 de maio, do XIII Congresso de Secretarias Municipais de Sa\u00fade do Piau\u00ed e da 8\u00aa Mostra Piau\u00ed&hellip; <\/p>\n","protected":false},"author":1,"featured_media":55423,"comment_status":"open","ping_status":"open","sticky":false,"template":"","format":"standard","meta":{"footnotes":""},"categories":[27,52],"tags":[],"class_list":["post-55422","post","type-post","status-publish","format-standard","has-post-thumbnail","hentry","category-cidades","category-oeiras"],"_links":{"self":[{"href":"https:\/\/mpiaui.com.br\/antigo\/index.php?rest_route=\/wp\/v2\/posts\/55422","targetHints":{"allow":["GET"]}}],"collection":[{"href":"https:\/\/mpiaui.com.br\/antigo\/index.php?rest_route=\/wp\/v2\/posts"}],"about":[{"href":"https:\/\/mpiaui.com.br\/antigo\/index.php?rest_route=\/wp\/v2\/types\/post"}],"author":[{"embeddable":true,"href":"https:\/\/mpiaui.com.br\/antigo\/index.php?rest_route=\/wp\/v2\/users\/1"}],"replies":[{"embeddable":true,"href":"https:\/\/mpiaui.com.br\/antigo\/index.php?rest_route=%2Fwp%2Fv2%2Fcomments&post=55422"}],"version-history":[{"count":1,"href":"https:\/\/mpiaui.com.br\/antigo\/index.php?rest_route=\/wp\/v2\/posts\/55422\/revisions"}],"predecessor-version":[{"id":55442,"href":"https:\/\/mpiaui.com.br\/antigo\/index.php?rest_route=\/wp\/v2\/posts\/55422\/revisions\/55442"}],"wp:featuredmedia":[{"embeddable":true,"href":"https:\/\/mpiaui.com.br\/antigo\/index.php?rest_route=\/wp\/v2\/media\/55423"}],"wp:attachment":[{"href":"https:\/\/mpiaui.com.br\/antigo\/index.php?rest_route=%2Fwp%2Fv2%2Fmedia&parent=55422"}],"wp:term":[{"taxonomy":"category","embeddable":true,"href":"https:\/\/mpiaui.com.br\/antigo\/index.php?rest_route=%2Fwp%2Fv2%2Fcategories&post=55422"},{"taxonomy":"post_tag","embeddable":true,"href":"https:\/\/mpiaui.com.br\/antigo\/index.php?rest_route=%2Fwp%2Fv2%2Ftags&post=55422"}],"curies":[{"name":"wp","href":"https:\/\/api.w.org\/{rel}","templated":true}]}}