{"id":55424,"date":"2023-05-19T10:15:26","date_gmt":"2023-05-19T13:15:26","guid":{"rendered":"https:\/\/mpiaui.com.br\/governo-do-estado-lanca-projeto-piaui-pet-castramovel-no-dia-5-de-junho\/"},"modified":"2023-05-19T10:15:26","modified_gmt":"2023-05-19T13:15:26","slug":"governo-do-estado-lanca-projeto-piaui-pet-castramovel-no-dia-5-de-junho","status":"publish","type":"post","link":"https:\/\/mpiaui.com.br\/antigo\/?p=55424","title":{"rendered":"Governo do Estado lan\u00e7a projeto Piau\u00ed Pet Castram\u00f3vel no dia 5 de junho"},"content":{"rendered":"<p> [ad_1]<br \/>\n<\/p>\n<div>\n<p>O Governo do Piau\u00ed lan\u00e7a, no dia 5 de junho, mais um projeto ambiental em prol da causa animal. \u00c9 o Piau\u00ed Pet Castram\u00f3vel, o primeiro no \u00e2mbito da administra\u00e7\u00e3o estadual. A iniciativa ser\u00e1 promovida pela Secretaria de Estado do Meio Ambiente e Recursos H\u00eddricos (Semarh) e o lan\u00e7amento ocorrer\u00e1 em solenidade alusiva ao Dia Mundial do Meio Ambiente, no Pal\u00e1cio de Karnak, com a presen\u00e7a do governador do Piau\u00ed, Rafael Fonteles, do secret\u00e1rio do Meio Ambiente, Daniel Oliveira, e demais autoridades, sendo aberto \u00e0 comunidade em geral. O projeto tamb\u00e9m conta com a parceria do deputado estadual Dr. H\u00e9lio Oliveira, que destinou emendas parlamentares para implementa\u00e7\u00e3o da iniciativa, e da vereadora de Teresina Thanandra Sarapatinhas.<\/p>\n<p>\u201c\u00c9 uma enorme satisfa\u00e7\u00e3o anunciar que j\u00e1 adquirimos o ve\u00edculo, que ser\u00e1 o primeiro castram\u00f3vel do Estado, um projeto que ir\u00e1 refor\u00e7ar toda a pol\u00edtica estadual de aten\u00e7\u00e3o aos nossos animais, sejam eles dom\u00e9sticos ou em situa\u00e7\u00e3o de rua\u201d, disse Daniel Oliveira. \u201cEssa \u00e9 mais uma importante a\u00e7\u00e3o que mostra que a causa animal \u00e9 uma das prioridades m\u00e1ximas do Governo do Estado e da Semarh\u201d, completou o secret\u00e1rio do Meio Ambiente e Recursos H\u00eddricos.<\/p>\n<p><img decoding=\"async\" loading=\"lazy\" class=\"size-medium wp-image-89241 aligncenter\" src=\"https:\/\/www.pi.gov.br\/wp-content\/uploads\/2023\/05\/Secretario-Daniel-Oliveira-1-730x721.jpg\" alt=\"\" width=\"730\" height=\"721\" srcset=\"https:\/\/www.pi.gov.br\/wp-content\/uploads\/2023\/05\/Secretario-Daniel-Oliveira-1-730x721.jpg 730w, https:\/\/www.pi.gov.br\/wp-content\/uploads\/2023\/05\/Secretario-Daniel-Oliveira-1-1070x1057.jpg 1070w, https:\/\/www.pi.gov.br\/wp-content\/uploads\/2023\/05\/Secretario-Daniel-Oliveira-1-768x758.jpg 768w, https:\/\/www.pi.gov.br\/wp-content\/uploads\/2023\/05\/Secretario-Daniel-Oliveira-1-1536x1517.jpg 1536w, https:\/\/www.pi.gov.br\/wp-content\/uploads\/2023\/05\/Secretario-Daniel-Oliveira-1-2048x2022.jpg 2048w\" sizes=\"auto, (max-width: 730px) 100vw, 730px\"\/><\/p>\n<p>O Piau\u00ed Pet Castram\u00f3vel atuar\u00e1 de forma itinerante, com a\u00e7\u00f5es diversas em todo o estado, em parceria com ONGs e os protetores de animais. A castra\u00e7\u00e3o \u00e9 uma das estrat\u00e9gias para promover o controle populacional dos animais em situa\u00e7\u00e3o de rua, al\u00e9m de evitar que animais, principalmente filhotes, sejam abandonados, garantindo maior bem-estar e sa\u00fade a eles e \u00e0 popula\u00e7\u00e3o. A iniciativa ainda reduzir\u00e1 os riscos de cont\u00e1gio de pessoas por doen\u00e7as transmitidas pelos animais que vivem nas ruas, como o calazar.<\/p>\n<p><img decoding=\"async\" loading=\"lazy\" class=\"alignnone size-full wp-image-89242\" src=\"https:\/\/www.pi.gov.br\/wp-content\/uploads\/2023\/05\/Castramovel.png\" alt=\"\" width=\"1500\" height=\"633\" srcset=\"https:\/\/www.pi.gov.br\/wp-content\/uploads\/2023\/05\/Castramovel.png 1500w, https:\/\/www.pi.gov.br\/wp-content\/uploads\/2023\/05\/Castramovel-730x308.png 730w, https:\/\/www.pi.gov.br\/wp-content\/uploads\/2023\/05\/Castramovel-1070x452.png 1070w, https:\/\/www.pi.gov.br\/wp-content\/uploads\/2023\/05\/Castramovel-768x324.png 768w\" sizes=\"auto, (max-width: 1500px) 100vw, 1500px\"\/><\/p>\n<p>O Governo do Estado, por meio da Semarh, segue ampliando toda a pol\u00edtica de prote\u00e7\u00e3o animal no Piau\u00ed, e tamb\u00e9m ir\u00e1 criar o 1\u00ba Conselho Estadual de Defesa e Prote\u00e7\u00e3o aos Animais. Em breve, o projeto de lei que cria o colegiado ser\u00e1 enviado para a Assembleia Legislativa do Piau\u00ed (Alepi), pelo governador Rafael Fonteles.<\/p>\n<p>Para mais informa\u00e7\u00f5es sobre\u00a0 o Piau\u00ed Pet Castram\u00f3vel, acompanhe o perfil oficial da Semarh no Instagram: <a href=\"https:\/\/www.instagram.com\/semarhpiauioficial\/\">@semarhpiauioficial<\/a>.<\/p>\n<\/p><\/div>\n<p><script async=\"\" defer=\"\" crossorigin=\"anonymous\" src=\"https:\/\/connect.facebook.net\/pt_BR\/sdk.js#xfbml=1&#038;version=v3.3\"><\/script><script async defer src=\"https:\/\/platform.instagram.com\/en_US\/embeds.js\"><\/script><br \/>\n<br \/>[ad_2]<\/p>\n","protected":false},"excerpt":{"rendered":"<p>[ad_1] O Governo do Piau\u00ed lan\u00e7a, no dia 5 de junho, mais um projeto ambiental em prol da causa animal. \u00c9 o Piau\u00ed Pet Castram\u00f3vel, o primeiro no \u00e2mbito da&hellip; <\/p>\n","protected":false},"author":1,"featured_media":55425,"comment_status":"open","ping_status":"open","sticky":false,"template":"","format":"standard","meta":{"footnotes":""},"categories":[938],"tags":[],"class_list":["post-55424","post","type-post","status-publish","format-standard","has-post-thumbnail","hentry","category-governador"],"_links":{"self":[{"href":"https:\/\/mpiaui.com.br\/antigo\/index.php?rest_route=\/wp\/v2\/posts\/55424","targetHints":{"allow":["GET"]}}],"collection":[{"href":"https:\/\/mpiaui.com.br\/antigo\/index.php?rest_route=\/wp\/v2\/posts"}],"about":[{"href":"https:\/\/mpiaui.com.br\/antigo\/index.php?rest_route=\/wp\/v2\/types\/post"}],"author":[{"embeddable":true,"href":"https:\/\/mpiaui.com.br\/antigo\/index.php?rest_route=\/wp\/v2\/users\/1"}],"replies":[{"embeddable":true,"href":"https:\/\/mpiaui.com.br\/antigo\/index.php?rest_route=%2Fwp%2Fv2%2Fcomments&post=55424"}],"version-history":[{"count":0,"href":"https:\/\/mpiaui.com.br\/antigo\/index.php?rest_route=\/wp\/v2\/posts\/55424\/revisions"}],"wp:featuredmedia":[{"embeddable":true,"href":"https:\/\/mpiaui.com.br\/antigo\/index.php?rest_route=\/wp\/v2\/media\/55425"}],"wp:attachment":[{"href":"https:\/\/mpiaui.com.br\/antigo\/index.php?rest_route=%2Fwp%2Fv2%2Fmedia&parent=55424"}],"wp:term":[{"taxonomy":"category","embeddable":true,"href":"https:\/\/mpiaui.com.br\/antigo\/index.php?rest_route=%2Fwp%2Fv2%2Fcategories&post=55424"},{"taxonomy":"post_tag","embeddable":true,"href":"https:\/\/mpiaui.com.br\/antigo\/index.php?rest_route=%2Fwp%2Fv2%2Ftags&post=55424"}],"curies":[{"name":"wp","href":"https:\/\/api.w.org\/{rel}","templated":true}]}}