{"id":55428,"date":"2023-05-19T10:52:31","date_gmt":"2023-05-19T13:52:31","guid":{"rendered":"https:\/\/mpiaui.com.br\/publicitario-thesco-silva-sera-o-novo-secretario-de-comunicacao-de-teresina\/"},"modified":"2023-05-19T10:52:31","modified_gmt":"2023-05-19T13:52:31","slug":"publicitario-thesco-silva-sera-o-novo-secretario-de-comunicacao-de-teresina","status":"publish","type":"post","link":"https:\/\/mpiaui.com.br\/antigo\/?p=55428","title":{"rendered":"Publicit\u00e1rio Thesco Silva ser\u00e1 o novo secret\u00e1rio de Comunica\u00e7\u00e3o de Teresina"},"content":{"rendered":"<div>\n<p>\n                                                <img decoding=\"async\" src=\"https:\/\/piauihoje.com\/uploads\/imagens\/tchesco-silva-1684503199.jpg\" alt=\"Thesco Silva\" style=\"width: 100% !important;\"\/>\n                                                <\/p>\n<p>\n                                                    <span>Thesco Silva<\/span><br \/>\n                                                    <span>Foto: Divulga\u00e7\u00e3o<\/span>\n                                                <\/p>\n<p>O publicit\u00e1rio Thesco Silva foi escolhido como o novo secret\u00e1rio de Comunica\u00e7\u00e3o da Prefeitura Municipal de Teresina, substituindo Lucas Pereira, que pediu demiss\u00e3o na semana passada. A nomea\u00e7\u00e3o de Thesco Silva ser\u00e1 publicada, ainda nesta sexta-feira (19), no Di\u00e1rio Oficial do Munic\u00edpio.<\/p>\n<p>Lucas Pereira, jornalista e advogado, comunicou sua decis\u00e3o de renunciar ao cargo de secret\u00e1rio de Comunica\u00e7\u00e3o de Teresina durante uma reuni\u00e3o com o prefeito Dr. Pessoa (Republicanos) no dia 9 de maio. A reuni\u00e3o ocorreu na resid\u00eancia do prefeito.<\/p>\n<p>Lucas Pereira assumiu a secretaria desde o primeiro dia da gest\u00e3o de Dr. Pessoa e foi indica\u00e7\u00e3o pessoal do prefeito. Em nota enviada \u00e0 imprensa, Lucas afirmou que sua sa\u00edda do cargo foi uma decis\u00e3o pessoal e agradeceu ao prefeito, ressaltando sua admira\u00e7\u00e3o por ele.<\/p>\n<p>Por sua vez, Thesco Silva, de 54 anos, \u00e9 publicit\u00e1rio, bacharel em Direito e professor. Ele possui experi\u00eancia em diversos grupos de comunica\u00e7\u00e3o do Piau\u00ed e ocupava o cargo de diretor comercial da TV Antena 10 nos \u00faltimos anos.<\/p>\n<\/p><\/div>\n","protected":false},"excerpt":{"rendered":"<p>Thesco Silva Foto: Divulga\u00e7\u00e3o O publicit\u00e1rio Thesco Silva foi escolhido como o novo secret\u00e1rio de Comunica\u00e7\u00e3o da Prefeitura Municipal de Teresina, substituindo Lucas Pereira, que pediu demiss\u00e3o na semana passada.&hellip; <\/p>\n","protected":false},"author":1,"featured_media":55429,"comment_status":"open","ping_status":"open","sticky":false,"template":"","format":"standard","meta":{"footnotes":""},"categories":[78],"tags":[],"class_list":["post-55428","post","type-post","status-publish","format-standard","has-post-thumbnail","hentry","category-teresina"],"_links":{"self":[{"href":"https:\/\/mpiaui.com.br\/antigo\/index.php?rest_route=\/wp\/v2\/posts\/55428","targetHints":{"allow":["GET"]}}],"collection":[{"href":"https:\/\/mpiaui.com.br\/antigo\/index.php?rest_route=\/wp\/v2\/posts"}],"about":[{"href":"https:\/\/mpiaui.com.br\/antigo\/index.php?rest_route=\/wp\/v2\/types\/post"}],"author":[{"embeddable":true,"href":"https:\/\/mpiaui.com.br\/antigo\/index.php?rest_route=\/wp\/v2\/users\/1"}],"replies":[{"embeddable":true,"href":"https:\/\/mpiaui.com.br\/antigo\/index.php?rest_route=%2Fwp%2Fv2%2Fcomments&post=55428"}],"version-history":[{"count":0,"href":"https:\/\/mpiaui.com.br\/antigo\/index.php?rest_route=\/wp\/v2\/posts\/55428\/revisions"}],"wp:featuredmedia":[{"embeddable":true,"href":"https:\/\/mpiaui.com.br\/antigo\/index.php?rest_route=\/wp\/v2\/media\/55429"}],"wp:attachment":[{"href":"https:\/\/mpiaui.com.br\/antigo\/index.php?rest_route=%2Fwp%2Fv2%2Fmedia&parent=55428"}],"wp:term":[{"taxonomy":"category","embeddable":true,"href":"https:\/\/mpiaui.com.br\/antigo\/index.php?rest_route=%2Fwp%2Fv2%2Fcategories&post=55428"},{"taxonomy":"post_tag","embeddable":true,"href":"https:\/\/mpiaui.com.br\/antigo\/index.php?rest_route=%2Fwp%2Fv2%2Ftags&post=55428"}],"curies":[{"name":"wp","href":"https:\/\/api.w.org\/{rel}","templated":true}]}}