{"id":55430,"date":"2023-05-19T10:59:51","date_gmt":"2023-05-19T13:59:51","guid":{"rendered":"https:\/\/mpiaui.com.br\/campanha-leao-amigo-destina-recursos-do-ir-em-prol-de-criancas-e-adolescentes\/"},"modified":"2023-05-19T10:59:51","modified_gmt":"2023-05-19T13:59:51","slug":"campanha-leao-amigo-destina-recursos-do-ir-em-prol-de-criancas-e-adolescentes","status":"publish","type":"post","link":"https:\/\/mpiaui.com.br\/antigo\/?p=55430","title":{"rendered":"Campanha Le\u00e3o Amigo destina recursos do IR em prol de crian\u00e7as e adolescentes"},"content":{"rendered":"<p> [ad_1]<br \/>\n<\/p>\n<div>\n<p>Com o objetivo de incentivar pessoas que fazem a declara\u00e7\u00e3o de Imposto de Renda completa a destinar diretamente at\u00e9 3% do recurso devido para os Fundos Estaduais e Municipais da Crian\u00e7a e do Adolescente do Piau\u00ed, a Secretaria Estadual da Assist\u00eancia Social, Trabalho e Direitos Humanos (Sasc) realiza, desde 2018, a campanha Le\u00e3o Amigo.<\/p>\n<p>Al\u00e9m de n\u00e3o alterar o valor pago pelo contribuinte, o dinheiro possibilita a realiza\u00e7\u00e3o de diversas a\u00e7\u00f5es que mudam a vida da popula\u00e7\u00e3o em situa\u00e7\u00e3o de vulnerabilidade em todo o Estado.<\/p>\n<p>A superintendente de Assist\u00eancia Social da Sasc, Jana\u00edna Mapurunga, explica que parte desses valores \u00e9 destinado para campanhas educativas nos estados e munic\u00edpios como, por exemplo, a do Dia de Enfrentamento ao Abuso e \u00e0 Explora\u00e7\u00e3o Sexual de Crian\u00e7as e Adolescentes. \u201cMuitos munic\u00edpios usam esses recursos para fazer essas campanhas acontecerem, com palestras, atividades socioeducativas e divulga\u00e7\u00e3o nas escolas\u201d, explica ela.<\/p>\n<p>No Piau\u00ed, o Conselho Estadual da Crian\u00e7a e do Adolescente j\u00e1 conta com uma programa\u00e7\u00e3o para a utiliza\u00e7\u00e3o dos recursos em conta: \u201cVamos comprar uma van adaptada que ser\u00e1 utilizada pelas crian\u00e7as do Lar da Crian\u00e7a, j\u00e1 que hoje temos 11 crian\u00e7as que t\u00eam algum tipo de defici\u00eancia. Uma van \u00e9 muito importante, pois servir\u00e1 tanto para levar as crian\u00e7as para a escola quanto para outras atividades, como psic\u00f3logo, fisioterapeuta e outras diversas quest\u00f5es na \u00e1rea da sa\u00fade\u201d, aponta Jana\u00edna.<\/p>\n<p><img decoding=\"async\" loading=\"lazy\" class=\"size-full wp-image-89319 aligncenter\" src=\"https:\/\/www.pi.gov.br\/wp-content\/uploads\/2023\/05\/WhatsApp-Image-2023-05-19-at-10.05.38.jpeg\" alt=\"\" width=\"476\" height=\"474\" srcset=\"https:\/\/www.pi.gov.br\/wp-content\/uploads\/2023\/05\/WhatsApp-Image-2023-05-19-at-10.05.38.jpeg 476w, https:\/\/www.pi.gov.br\/wp-content\/uploads\/2023\/05\/WhatsApp-Image-2023-05-19-at-10.05.38-300x300.jpeg 300w\" sizes=\"auto, (max-width: 476px) 100vw, 476px\"\/><\/p>\n<p>O fundo \u00e9 gerenciado pelo Conselho Estadual da Crian\u00e7a e do Adolescente e pode garantir a viabilidade de projetos de entidades que atuam em v\u00e1rias \u00e1reas voltadas para a crian\u00e7a e para o adolescente. Os projetos podem concorrer por meio de edital lan\u00e7ado pelo conselho.<\/p>\n<p>O Cria \u00e9 uma das entidades beneficiadas com a destina\u00e7\u00e3o de recursos do Imposto de Renda dentro da campanha Le\u00e3o Amigo. O objetivo da institui\u00e7\u00e3o \u00e9 promover a conviv\u00eancia familiar e comunit\u00e1ria a crian\u00e7as e adolescentes que foram afastadas de suas fam\u00edlias, por medida protetiva, e encontram-se acolhidas em institui\u00e7\u00f5es em Teresina.<\/p>\n<p>\u201cTem sido muito importante a gente poder contar com doa\u00e7\u00f5es das pessoas que declaram imposto de renda e que destinam parte de seus impostos para o Fundo da Inf\u00e2ncia e da Adolesc\u00eancia. A gente tem, a partir da\u00ed, a possibilidade de elaborar projetos, por parte de editais que os conselhos publicam. Quando os projetos s\u00e3o selecionados a gente recebe o recurso para usar em prol das nossas crian\u00e7as e adolescentes\u201d, explica Francim\u00e9lia Nogueira, coordenadora do Cria.<\/p>\n<p>Atualmente, o Cria est\u00e1 executando o projeto La\u00e7os, que visa capacitar toda a rede de prote\u00e7\u00e3o da crian\u00e7a e do adolescente sobre a entrega legal para a ado\u00e7\u00e3o. \u201cEsse projeto est\u00e1 viabilizando algo muito importante que \u00e9 a informa\u00e7\u00e3o. Estamos fazendo capacita\u00e7\u00f5es em todo o estado e tamb\u00e9m enviando para todos os o material informativo, como folders e cartilhas\u201d, destaca Francim\u00e9lia.<\/p>\n<p>A coordenadora do Cria ainda ressalta que \u201cqualquer contribuinte pode ajudar sem gastar nada com isso, porque, na verdade, ele vai destinar uma parte do imposto que ele colocaria nos cofres do estado, ele vai dedicar esses 3% para a causa da crian\u00e7a. Ent\u00e3o, ele vai destinar para esse fundo e esse dinheiro ser\u00e1 revestido a esse trabalho social de alguma institui\u00e7\u00e3o que tenha credibilidade e seja registrada nos seus conselhos e com seus projetos avaliados por uma comiss\u00e3o competente\u201d, conclui Francim\u00e9lia.<\/p>\n<\/p><\/div>\n<p><script async=\"\" defer=\"\" crossorigin=\"anonymous\" src=\"https:\/\/connect.facebook.net\/pt_BR\/sdk.js#xfbml=1&#038;version=v3.3\"><\/script><br \/>\n<br \/>[ad_2]<\/p>\n","protected":false},"excerpt":{"rendered":"<p>[ad_1] Com o objetivo de incentivar pessoas que fazem a declara\u00e7\u00e3o de Imposto de Renda completa a destinar diretamente at\u00e9 3% do recurso devido para os Fundos Estaduais e Municipais&hellip; <\/p>\n","protected":false},"author":1,"featured_media":55431,"comment_status":"open","ping_status":"open","sticky":false,"template":"","format":"standard","meta":{"footnotes":""},"categories":[938],"tags":[],"class_list":["post-55430","post","type-post","status-publish","format-standard","has-post-thumbnail","hentry","category-governador"],"_links":{"self":[{"href":"https:\/\/mpiaui.com.br\/antigo\/index.php?rest_route=\/wp\/v2\/posts\/55430","targetHints":{"allow":["GET"]}}],"collection":[{"href":"https:\/\/mpiaui.com.br\/antigo\/index.php?rest_route=\/wp\/v2\/posts"}],"about":[{"href":"https:\/\/mpiaui.com.br\/antigo\/index.php?rest_route=\/wp\/v2\/types\/post"}],"author":[{"embeddable":true,"href":"https:\/\/mpiaui.com.br\/antigo\/index.php?rest_route=\/wp\/v2\/users\/1"}],"replies":[{"embeddable":true,"href":"https:\/\/mpiaui.com.br\/antigo\/index.php?rest_route=%2Fwp%2Fv2%2Fcomments&post=55430"}],"version-history":[{"count":0,"href":"https:\/\/mpiaui.com.br\/antigo\/index.php?rest_route=\/wp\/v2\/posts\/55430\/revisions"}],"wp:featuredmedia":[{"embeddable":true,"href":"https:\/\/mpiaui.com.br\/antigo\/index.php?rest_route=\/wp\/v2\/media\/55431"}],"wp:attachment":[{"href":"https:\/\/mpiaui.com.br\/antigo\/index.php?rest_route=%2Fwp%2Fv2%2Fmedia&parent=55430"}],"wp:term":[{"taxonomy":"category","embeddable":true,"href":"https:\/\/mpiaui.com.br\/antigo\/index.php?rest_route=%2Fwp%2Fv2%2Fcategories&post=55430"},{"taxonomy":"post_tag","embeddable":true,"href":"https:\/\/mpiaui.com.br\/antigo\/index.php?rest_route=%2Fwp%2Fv2%2Ftags&post=55430"}],"curies":[{"name":"wp","href":"https:\/\/api.w.org\/{rel}","templated":true}]}}