{"id":55432,"date":"2023-05-19T11:12:37","date_gmt":"2023-05-19T14:12:37","guid":{"rendered":"https:\/\/mpiaui.com.br\/jornalista-lucas-pereira-sera-o-novo-secretario-imediato-de-dr-pessoa\/"},"modified":"2023-05-19T11:12:37","modified_gmt":"2023-05-19T14:12:37","slug":"jornalista-lucas-pereira-sera-o-novo-secretario-imediato-de-dr-pessoa","status":"publish","type":"post","link":"https:\/\/mpiaui.com.br\/antigo\/?p=55432","title":{"rendered":"Jornalista Lucas Pereira ser\u00e1 o novo secret\u00e1rio imediato de Dr. Pessoa"},"content":{"rendered":"<div>\n<div>\n\t\t\t\t\t<!--\n\t\t\t\t\t\n\n<div id=\"audimaWidget\"><\/div>\n\n\n\t\t\t\t\t\n-->\n                                    <\/div>\n<p>\n                                                <img decoding=\"async\" src=\"https:\/\/piauihoje.com\/uploads\/imagens\/sem-titulo-1684504828.png\" alt=\"Lucas Pereira\" style=\"width: 100% !important;\"\/>\n                                                <\/p>\n<p>\n                                                    <span>Lucas Pereira<\/span><br \/>\n                                                    <span>Foto: Arquivo<\/span>\n                                                <\/p>\n<p>O ex-secret\u00e1rio Municipal de Comunica\u00e7\u00e3o, Lucas Pereira, vai assumir o cargo de secret\u00e1rio imediato do prefeito Dr. Pessoa (Republicanos). A vaga foi deixada por Andr\u00e9ia Pessoa, que deixou a gest\u00e3o junto com seu esposo Cl\u00e1udio Pessoa, ex-superintendente da Strans.<\/p>\n<p>Lucas Pereira \u00e9 jornalista e comandava a Secretaria de Comunica\u00e7\u00e3o desde o in\u00edcio da gest\u00e3o de Dr. Pessoa. <a href=\"https:\/\/piauihoje.com\/noticias\/politica\/lucas-pereira-pede-demissao-do-cargo-de-secretario-de-comunicacao-da-pmt-415519.html\" rel=\"noopener noreferrer\" target=\"_blank\">Ele pediu para sair do cargo h\u00e1 10 dias, mas aceitou o pedido do prefeito para permanecer na gest\u00e3o. <\/a><\/p>\n<p>O jornalista \u00e9 uma pessoa de extrema confian\u00e7a de Dr. Pessoa. A nomea\u00e7\u00e3o de Lucas Pereira e de<a href=\"https:\/\/piauihoje.com\/noticias\/geral\/publicitario-thesco-silva-sera-o-novo-secretario-de-comunicacao-de-teresina-415721.html\" rel=\"noopener noreferrer\" target=\"_blank\">\u00a0Thesco Silva, que vai assumir a Secretaria Municipal de Comunica\u00e7\u00e3o,<\/a> deve ser publicada nos pr\u00f3ximos dias no Di\u00e1rio Oficial do Munic\u00edpio.\u00a0<\/p>\n<\/p><\/div>\n","protected":false},"excerpt":{"rendered":"<p>Lucas Pereira Foto: Arquivo O ex-secret\u00e1rio Municipal de Comunica\u00e7\u00e3o, Lucas Pereira, vai assumir o cargo de secret\u00e1rio imediato do prefeito Dr. Pessoa (Republicanos). A vaga foi deixada por Andr\u00e9ia Pessoa,&hellip; <\/p>\n","protected":false},"author":1,"featured_media":55433,"comment_status":"open","ping_status":"open","sticky":false,"template":"","format":"standard","meta":{"footnotes":""},"categories":[78],"tags":[],"class_list":["post-55432","post","type-post","status-publish","format-standard","has-post-thumbnail","hentry","category-teresina"],"_links":{"self":[{"href":"https:\/\/mpiaui.com.br\/antigo\/index.php?rest_route=\/wp\/v2\/posts\/55432","targetHints":{"allow":["GET"]}}],"collection":[{"href":"https:\/\/mpiaui.com.br\/antigo\/index.php?rest_route=\/wp\/v2\/posts"}],"about":[{"href":"https:\/\/mpiaui.com.br\/antigo\/index.php?rest_route=\/wp\/v2\/types\/post"}],"author":[{"embeddable":true,"href":"https:\/\/mpiaui.com.br\/antigo\/index.php?rest_route=\/wp\/v2\/users\/1"}],"replies":[{"embeddable":true,"href":"https:\/\/mpiaui.com.br\/antigo\/index.php?rest_route=%2Fwp%2Fv2%2Fcomments&post=55432"}],"version-history":[{"count":0,"href":"https:\/\/mpiaui.com.br\/antigo\/index.php?rest_route=\/wp\/v2\/posts\/55432\/revisions"}],"wp:featuredmedia":[{"embeddable":true,"href":"https:\/\/mpiaui.com.br\/antigo\/index.php?rest_route=\/wp\/v2\/media\/55433"}],"wp:attachment":[{"href":"https:\/\/mpiaui.com.br\/antigo\/index.php?rest_route=%2Fwp%2Fv2%2Fmedia&parent=55432"}],"wp:term":[{"taxonomy":"category","embeddable":true,"href":"https:\/\/mpiaui.com.br\/antigo\/index.php?rest_route=%2Fwp%2Fv2%2Fcategories&post=55432"},{"taxonomy":"post_tag","embeddable":true,"href":"https:\/\/mpiaui.com.br\/antigo\/index.php?rest_route=%2Fwp%2Fv2%2Ftags&post=55432"}],"curies":[{"name":"wp","href":"https:\/\/api.w.org\/{rel}","templated":true}]}}