{"id":55436,"date":"2023-05-19T11:44:08","date_gmt":"2023-05-19T14:44:08","guid":{"rendered":"https:\/\/mpiaui.com.br\/secretaria-da-seguranca-promoveu-dia-d-de-combate-a-exploracao-sexual-de-criancas-e-adolescentes\/"},"modified":"2023-05-19T11:44:08","modified_gmt":"2023-05-19T14:44:08","slug":"secretaria-da-seguranca-promoveu-dia-d-de-combate-a-exploracao-sexual-de-criancas-e-adolescentes","status":"publish","type":"post","link":"https:\/\/mpiaui.com.br\/antigo\/?p=55436","title":{"rendered":"Secretaria da Seguran\u00e7a promoveu Dia D de Combate \u00e0 Explora\u00e7\u00e3o Sexual de Crian\u00e7as e Adolescentes"},"content":{"rendered":"<p> [ad_1]<br \/>\n<\/p>\n<div>\n<p>A Secretaria de Estado da Seguran\u00e7a P\u00fablica (SSP), por meio da Diretoria de Defesa Social e da Coordena\u00e7\u00e3o da Crian\u00e7a e do Adolescente, realizou, nessa quinta-feira (18), o dia D de Combate \u00e0 Explora\u00e7\u00e3o de Crian\u00e7as e Adolescentes, em a\u00e7\u00e3o na Avenida Maranh\u00e3o, Centro de Teresina.<\/p>\n<p>De acordo com Teleno Nobre, coordenador da Crian\u00e7a e do Adolescente da SSP, o local escolhido para a a\u00e7\u00e3o foi estrat\u00e9gico. \u201cAo longo da hist\u00f3ria de Teresina, essa regi\u00e3o da Avenida Maranh\u00e3o \u00e9 conhecida como espa\u00e7o de muitos casos de explora\u00e7\u00e3o sexual de adolescentes e crian\u00e7as. Escolhemos esse lugar para mostrar que estamos atentos e trabalhando sem descanso nas pautas de prote\u00e7\u00e3o a esse p\u00fablico\u201d, destacou o gestor.<\/p>\n<p>Com a tem\u00e1tica \u201cN\u00e3o Feche os Olhos\u201d, a a\u00e7\u00e3o promoveu uma semana de blitzen educativas no interior e na capital do estado. Membros da Diretoria de Defesa Social conscientizaram motoristas e motociclistas que trafegam nas vias urbanas por meio da entrega de cartilha pedag\u00f3gica elaborada pela Ger\u00eancia de Servi\u00e7os Sociais da SSP.<\/p>\n<p><img decoding=\"async\" loading=\"lazy\" class=\"size-full wp-image-89324 aligncenter\" src=\"https:\/\/www.pi.gov.br\/wp-content\/uploads\/2023\/05\/WhatsApp-Image-2023-05-18-at-20.30.23.jpeg\" alt=\"\" width=\"1280\" height=\"960\" srcset=\"https:\/\/www.pi.gov.br\/wp-content\/uploads\/2023\/05\/WhatsApp-Image-2023-05-18-at-20.30.23.jpeg 1280w, https:\/\/www.pi.gov.br\/wp-content\/uploads\/2023\/05\/WhatsApp-Image-2023-05-18-at-20.30.23-730x548.jpeg 730w, https:\/\/www.pi.gov.br\/wp-content\/uploads\/2023\/05\/WhatsApp-Image-2023-05-18-at-20.30.23-1070x803.jpeg 1070w, https:\/\/www.pi.gov.br\/wp-content\/uploads\/2023\/05\/WhatsApp-Image-2023-05-18-at-20.30.23-768x576.jpeg 768w\" sizes=\"auto, (max-width: 1280px) 100vw, 1280px\"\/><\/p>\n<p>Para a diretora de Defesa Social da SSP, tenente-coronel Elizete Lima, a\u00e7\u00f5es como essas devem ser intensificadas n\u00e3o s\u00f3 em datas espec\u00edficas. Ela tamb\u00e9m explica que a origem sutil de alguns crimes cometidos contra crian\u00e7as e adolescentes pode dificultar o debate. \u201cS\u00e3o crimes onde o agressor pode ser um amigo, um vizinho ou algu\u00e9m do pr\u00f3prio seio familiar. Estamos levando preven\u00e7\u00e3o por meio do conhecimento. \u00c9 preciso que continuemos falando sobre isso e a Diretoria de Defesa Social pretende seguir refor\u00e7ando as a\u00e7\u00f5es que promovam a conscientiza\u00e7\u00e3o e o combate aos crimes contra crian\u00e7as e adolescentes\u201d, frisou a gestora.<\/p>\n<p>Milhares de cartilhas educativas foram confeccionadas e distribu\u00eddas em todo o Piau\u00ed durante uma semana de a\u00e7\u00f5es, que contou ainda com o apoio da Pol\u00edcia Militar, Pol\u00edcia Civil e conselhos tutelares.<\/p>\n<\/p><\/div>\n<p><script async=\"\" defer=\"\" crossorigin=\"anonymous\" src=\"https:\/\/connect.facebook.net\/pt_BR\/sdk.js#xfbml=1&#038;version=v3.3\"><\/script><br \/>\n<br \/>[ad_2]<\/p>\n","protected":false},"excerpt":{"rendered":"<p>[ad_1] A Secretaria de Estado da Seguran\u00e7a P\u00fablica (SSP), por meio da Diretoria de Defesa Social e da Coordena\u00e7\u00e3o da Crian\u00e7a e do Adolescente, realizou, nessa quinta-feira (18), o dia&hellip; <\/p>\n","protected":false},"author":1,"featured_media":55437,"comment_status":"open","ping_status":"open","sticky":false,"template":"","format":"standard","meta":{"footnotes":""},"categories":[938],"tags":[],"class_list":["post-55436","post","type-post","status-publish","format-standard","has-post-thumbnail","hentry","category-governador"],"_links":{"self":[{"href":"https:\/\/mpiaui.com.br\/antigo\/index.php?rest_route=\/wp\/v2\/posts\/55436","targetHints":{"allow":["GET"]}}],"collection":[{"href":"https:\/\/mpiaui.com.br\/antigo\/index.php?rest_route=\/wp\/v2\/posts"}],"about":[{"href":"https:\/\/mpiaui.com.br\/antigo\/index.php?rest_route=\/wp\/v2\/types\/post"}],"author":[{"embeddable":true,"href":"https:\/\/mpiaui.com.br\/antigo\/index.php?rest_route=\/wp\/v2\/users\/1"}],"replies":[{"embeddable":true,"href":"https:\/\/mpiaui.com.br\/antigo\/index.php?rest_route=%2Fwp%2Fv2%2Fcomments&post=55436"}],"version-history":[{"count":0,"href":"https:\/\/mpiaui.com.br\/antigo\/index.php?rest_route=\/wp\/v2\/posts\/55436\/revisions"}],"wp:featuredmedia":[{"embeddable":true,"href":"https:\/\/mpiaui.com.br\/antigo\/index.php?rest_route=\/wp\/v2\/media\/55437"}],"wp:attachment":[{"href":"https:\/\/mpiaui.com.br\/antigo\/index.php?rest_route=%2Fwp%2Fv2%2Fmedia&parent=55436"}],"wp:term":[{"taxonomy":"category","embeddable":true,"href":"https:\/\/mpiaui.com.br\/antigo\/index.php?rest_route=%2Fwp%2Fv2%2Fcategories&post=55436"},{"taxonomy":"post_tag","embeddable":true,"href":"https:\/\/mpiaui.com.br\/antigo\/index.php?rest_route=%2Fwp%2Fv2%2Ftags&post=55436"}],"curies":[{"name":"wp","href":"https:\/\/api.w.org\/{rel}","templated":true}]}}