{"id":55438,"date":"2023-05-19T11:54:54","date_gmt":"2023-05-19T14:54:54","guid":{"rendered":"https:\/\/mpiaui.com.br\/toda-populacao-de-teresina-ja-pode-se-vacina-contra-a-gripe-confira-locais\/"},"modified":"2023-05-19T13:00:19","modified_gmt":"2023-05-19T16:00:19","slug":"toda-populacao-de-teresina-ja-pode-se-vacina-contra-a-gripe-confira-locais","status":"publish","type":"post","link":"https:\/\/mpiaui.com.br\/antigo\/?p=55438","title":{"rendered":"Toda popula\u00e7\u00e3o de Teresina j\u00e1 pode se vacina contra a gripe; confira locais"},"content":{"rendered":"<div>\n<p><img decoding=\"async\" style=\"width: 100% !important;\" src=\"https:\/\/piauihoje.com\/uploads\/imagens\/vacina-gripe\" alt=\"Vacina contra a gripe\" \/><\/p>\n<p>Vacina contra a gripe<br \/>\nFoto: Divulga\u00e7\u00e3o<\/p>\n<p>A vacina\u00e7\u00e3o contra influenza (gripe) foi liberada para toda popula\u00e7\u00e3o de Teresina a partir de 6 meses de idade. A vacina j\u00e1 pode ser aplicada nesta sexta-feira (19) e est\u00e1 dispon\u00edvel em todas as Unidades B\u00e1sicas de Sa\u00fade (UBS) e em tr\u00eas pontos de vacina\u00e7\u00e3o: Teresina Shopping (Edif\u00edcio Garagem G3) e nos terminais drive thru do Buenos Aires e Parque Piau\u00ed.<\/p>\n<p>O hor\u00e1rio de funcionamento das UBS \u00e9 das 8h \u00e0s 12h e 13h \u00e0s 17h, e os postos funcionam das 9h \u00e0s 17h. \u201cRessaltamos que crian\u00e7as at\u00e9 11 anos n\u00e3o podem ser vacinadas contra a gripe nos drives, apenas nas UBS e no posto do Teresina Shopping\u201d, esclarece a coordenadora de vacina\u00e7\u00e3o Emanuelle Dias.<\/p>\n<p><a href=\"https:\/\/piauihoje.com\/noticias\/saude\/dose-bivalente-contra-covid-e-liberada-para-toda-populacao-em-teresina-415724.html\" target=\"_blank\" rel=\"noopener noreferrer\">Nesta sexta-feira (19), a FMS tamb\u00e9m liberou a dose bivalente contra a Covid-19 para toda popula\u00e7\u00e3o a partir de 18 anos. <\/a><\/p>\n<p><strong>PROGRAMA\u00c7\u00c3O VACINA\u00c7\u00c3O \u2013 SEXTA (19 DE MAIO)<br \/>\n<\/strong><br \/>\n<strong>VACINA\u00c7\u00c3O GRIPE<br \/>\n<\/strong><br \/>\nTodas as Unidades B\u00e1sicas de Sa\u00fade (UBS) &#8211; 8h \u00e0s 12h e 13h \u00e0s 17h<\/p>\n<p>&#8211; Popula\u00e7\u00e3o em geral: 6 meses e mais<\/p>\n<p>Teresina Shopping (Edif\u00edcio Garagem G3), Terminal do Buenos Aires, Terminal do Parque Piau\u00ed &#8211; 9h \u00e0s 17h<\/p>\n<p>&#8211; Popula\u00e7\u00e3o em geral: 12 anos e mais<\/p>\n<p><strong>VACINA\u00c7\u00c3O COVID<br \/>\n<\/strong><br \/>\nDrive thru: Terminal Buenos Aires, Terminal Parque Piau\u00ed<br \/>\n&#8211; 9h \u00e0s 17h<\/p>\n<p>&#8211; Vacina Bivalente: Popula\u00e7\u00e3o 18 anos e mais<\/p>\n<p>Teresina Shopping (Edif\u00edcio Garagem G3)<br \/>\n&#8211; 9h \u00e0s 17h<\/p>\n<p>&#8211; 1\u00aa dose crian\u00e7as de 6 meses a 11 anos<br \/>\n&#8211; 2\u00aa dose crian\u00e7as de 6 meses a 11 anos<br \/>\n&#8211; 3\u00aa dose crian\u00e7as de 6 meses a menores de 5 anos<br \/>\n&#8211; 1\u00aa dose 12 anos e mais<br \/>\n&#8211; 2\u00aa dose com a vacina respectiva da primeira dose aplicada (12 anos ou mais);<br \/>\n&#8211; 1\u00ba Refor\u00e7o (3 anos ou mais)<br \/>\n&#8211; 2\u00ba Refor\u00e7o (18 anos ou mais)<br \/>\n&#8211; Vacina bivalente: 18 anos e mais<\/p>\n<p>UBS Planalto Uruguai, UBS Santa Isabel, UBS Betinho, UBS Cristo Rei, UBS S\u00e3o Pedro, UBS Poti Velho, UBS Monte Verde, UBS Nossa Senhora da Guia, UBS Carlos Alberto Cordeiro<br \/>\n&#8211; 8h \u00e0s 12h e 13h \u00e0s 17h<\/p>\n<p>&#8211; 1\u00aa dose (6 meses a menores de 5 anos &#8211; 4 anos, 11 meses e 29 dias)<br \/>\n&#8211; 2\u00aa dose (6 meses a menores de 5 anos &#8211; 4 anos, 11 meses e 29 dias)<br \/>\n&#8211; 3\u00aa dose (6 meses a menores de 5 anos &#8211; 4 anos, 11 meses e 29 dias)<br \/>\n&#8211; Refor\u00e7o (3 e 4 anos vacinadas com coronavac)<\/p>\n<p><strong>PROGRAMA\u00c7\u00c3O VACINA\u00c7\u00c3O \u2013 22 A 26 DE MAIO<br \/>\n<\/strong><br \/>\n<strong>VACINA\u00c7\u00c3O GRIPE<br \/>\n<\/strong><br \/>\nSegunda a sexta-feira &#8211; 8h \u00e0s 12h e 13h \u00e0s 17h<br \/>\nTodas as Unidades B\u00e1sicas de Sa\u00fade (UBS)<\/p>\n<p>&#8211; Popula\u00e7\u00e3o em geral: 6 meses e mais<\/p>\n<p>Segunda a sexta-feira &#8211; 9h \u00e0s 17h<br \/>\nTeresina Shopping (Edif\u00edcio Garagem G3), Terminal do Buenos Aires, Terminal do Parque Piau\u00ed<\/p>\n<p>&#8211; Popula\u00e7\u00e3o em geral: 12 anos e mais<\/p>\n<p><strong>VACINA\u00c7\u00c3O COVID<br \/>\n<\/strong><br \/>\n22\/05 a 26\/05 &#8211; Segunda a sexta-feira &#8211; 9h \u00e0s 17h<br \/>\nDrive thru: Terminal Buenos Aires, Terminal Parque Piau\u00ed<\/p>\n<p>&#8211; Vacina Bivalente: Popula\u00e7\u00e3o 18 anos e mais<\/p>\n<p><strong>22\/05 a 26\/05 &#8211; Segunda a sexta-feira &#8211; 9h \u00e0s 17h<br \/>\n<\/strong>Teresina Shopping (Edif\u00edcio Garagem G3)<\/p>\n<p>&#8211; 1\u00aa dose crian\u00e7as de 6 meses a 11 anos<br \/>\n&#8211; 2\u00aa dose crian\u00e7as de 6 meses a 11 anos<br \/>\n&#8211; 3\u00aa dose crian\u00e7as de 6 meses a menores de 5 anos<br \/>\n&#8211; 1\u00aa dose 12 anos e mais<br \/>\n&#8211; 2\u00aa dose com a vacina respectiva da primeira dose aplicada (12 anos ou mais);<br \/>\n&#8211; 1\u00ba Refor\u00e7o (3 anos ou mais)<br \/>\n&#8211; 2\u00ba Refor\u00e7o (18 anos ou mais)<br \/>\n&#8211; Vacina bivalente: 18 anos e mais<\/p>\n<p><strong>23\/05 e 25\/05 \u2013 Ter\u00e7a e quinta-feira &#8211; 8h \u00e0s 12h e 13h \u00e0s 17h<br \/>\n<\/strong>Todas as UBS<\/p>\n<p>&#8211; 1\u00aa dose 12 anos e mais<br \/>\n&#8211; 2\u00aa dose com a vacina respectiva da primeira dose aplicada (12 anos ou mais)<br \/>\n&#8211; Vacina Bivalente: 18 anos e mais<\/p>\n<p><strong>23\/05 e 25\/05 \u2013 Ter\u00e7a e quinta-feira &#8211; 8h \u00e0s 12h e 13h \u00e0s 17h<br \/>\n<\/strong><br \/>\nUBS Buenos Aires, UBS Santa Maria da Codipi, UBS Parque Brasil, UBS Saci, UBS Monte Castelo, UBS Irm\u00e3 Dulce, UBS Porto Alegre, UBS Cidade Jardim, UBS Sat\u00e9lite, UBS Santa Isabel, UBS Parque Poti, UBS Renascen\u00e7a, UBS Alto da Ressurrei\u00e7\u00e3o<\/p>\n<p>&#8211; 1\u00aa dose 5 a 11 anos<br \/>\n&#8211; 2\u00aa dose 5 a 11 anos<br \/>\n&#8211; Refor\u00e7o 5 a 11 anos<\/p>\n<p><strong>22\/05, 24\/05 e 26\/05 \u2013 Segunda, quarta e sexta-feira &#8211; 8h \u00e0s 12h e 13h \u00e0s 17h<br \/>\n<\/strong><br \/>\nUBS Planalto Uruguai, UBS Santa Isabel, UBS Betinho, UBS Cristo Rei, UBS S\u00e3o Pedro, UBS Poti Velho, UBS Monte Verde, UBS Nossa Senhora da Guia, UBS Carlos Alberto Cordeiro<\/p>\n<p>&#8211; 1\u00aa dose (6 meses a menores de 5 anos &#8211; 4 anos, 11 meses e 29 dias)<br \/>\n&#8211; 2\u00aa dose (6 meses a menores de 5 anos &#8211; 4 anos, 11 meses e 29 dias)<br \/>\n&#8211; 3\u00aa dose (6 meses a menores de 5 anos &#8211; 4 anos, 11 meses e 29 dias)<br \/>\n&#8211; Refor\u00e7o (3 e 4 anos vacinadas com coronavac)<\/p>\n<\/div>\n","protected":false},"excerpt":{"rendered":"<p>Vacina contra a gripe Foto: Divulga\u00e7\u00e3o A vacina\u00e7\u00e3o contra influenza (gripe) foi liberada para toda popula\u00e7\u00e3o de Teresina a partir de 6 meses de idade. A vacina j\u00e1 pode ser&hellip; <\/p>\n","protected":false},"author":1,"featured_media":55443,"comment_status":"open","ping_status":"open","sticky":false,"template":"","format":"standard","meta":{"footnotes":""},"categories":[78,399],"tags":[],"class_list":["post-55438","post","type-post","status-publish","format-standard","has-post-thumbnail","hentry","category-teresina","category-todas"],"_links":{"self":[{"href":"https:\/\/mpiaui.com.br\/antigo\/index.php?rest_route=\/wp\/v2\/posts\/55438","targetHints":{"allow":["GET"]}}],"collection":[{"href":"https:\/\/mpiaui.com.br\/antigo\/index.php?rest_route=\/wp\/v2\/posts"}],"about":[{"href":"https:\/\/mpiaui.com.br\/antigo\/index.php?rest_route=\/wp\/v2\/types\/post"}],"author":[{"embeddable":true,"href":"https:\/\/mpiaui.com.br\/antigo\/index.php?rest_route=\/wp\/v2\/users\/1"}],"replies":[{"embeddable":true,"href":"https:\/\/mpiaui.com.br\/antigo\/index.php?rest_route=%2Fwp%2Fv2%2Fcomments&post=55438"}],"version-history":[{"count":2,"href":"https:\/\/mpiaui.com.br\/antigo\/index.php?rest_route=\/wp\/v2\/posts\/55438\/revisions"}],"predecessor-version":[{"id":55444,"href":"https:\/\/mpiaui.com.br\/antigo\/index.php?rest_route=\/wp\/v2\/posts\/55438\/revisions\/55444"}],"wp:featuredmedia":[{"embeddable":true,"href":"https:\/\/mpiaui.com.br\/antigo\/index.php?rest_route=\/wp\/v2\/media\/55443"}],"wp:attachment":[{"href":"https:\/\/mpiaui.com.br\/antigo\/index.php?rest_route=%2Fwp%2Fv2%2Fmedia&parent=55438"}],"wp:term":[{"taxonomy":"category","embeddable":true,"href":"https:\/\/mpiaui.com.br\/antigo\/index.php?rest_route=%2Fwp%2Fv2%2Fcategories&post=55438"},{"taxonomy":"post_tag","embeddable":true,"href":"https:\/\/mpiaui.com.br\/antigo\/index.php?rest_route=%2Fwp%2Fv2%2Ftags&post=55438"}],"curies":[{"name":"wp","href":"https:\/\/api.w.org\/{rel}","templated":true}]}}