{"id":55445,"date":"2023-05-19T13:09:33","date_gmt":"2023-05-19T16:09:33","guid":{"rendered":"https:\/\/mpiaui.com.br\/governo-entrega-tratores-e-implementos-agricolas-a-agricultores-familiares-de-26-municipios\/"},"modified":"2023-05-19T13:09:33","modified_gmt":"2023-05-19T16:09:33","slug":"governo-entrega-tratores-e-implementos-agricolas-a-agricultores-familiares-de-26-municipios","status":"publish","type":"post","link":"https:\/\/mpiaui.com.br\/antigo\/?p=55445","title":{"rendered":"Governo entrega tratores e implementos agr\u00edcolas a agricultores familiares de 26 munic\u00edpios"},"content":{"rendered":"<p> [ad_1]<br \/>\n<\/p>\n<div>\n<p>A secret\u00e1ria de Estado da Agricultura Familiar (SAF), Rejane Tavares, entregou, nesta sexta-feira (19), 26 tratores e implementos agr\u00edcolas, adquiridos por meio de emenda parlamentar do senador Marcelo Castro, \u00e0s prefeituras e entidades voltadas \u00e0 agricultura familiar dos munic\u00edpios do Piau\u00ed. A aquisi\u00e7\u00e3o, de aproximadamente R$ 7 milh\u00f5es, faz parte do Programa de Valoriza\u00e7\u00e3o \u00e0 Agricultura Familiar.<\/p>\n<p><img decoding=\"async\" loading=\"lazy\" class=\"alignnone wp-image-89335 size-large\" src=\"https:\/\/www.pi.gov.br\/wp-content\/uploads\/2023\/05\/WhatsApp-Image-2023-05-19-at-11.56.47-1070x710.jpeg\" alt=\"Foto: Geirlys Silva\" width=\"1070\" height=\"710\" srcset=\"https:\/\/www.pi.gov.br\/wp-content\/uploads\/2023\/05\/WhatsApp-Image-2023-05-19-at-11.56.47-1070x710.jpeg 1070w, https:\/\/www.pi.gov.br\/wp-content\/uploads\/2023\/05\/WhatsApp-Image-2023-05-19-at-11.56.47-730x485.jpeg 730w, https:\/\/www.pi.gov.br\/wp-content\/uploads\/2023\/05\/WhatsApp-Image-2023-05-19-at-11.56.47-768x510.jpeg 768w, https:\/\/www.pi.gov.br\/wp-content\/uploads\/2023\/05\/WhatsApp-Image-2023-05-19-at-11.56.47-391x260.jpeg 391w, https:\/\/www.pi.gov.br\/wp-content\/uploads\/2023\/05\/WhatsApp-Image-2023-05-19-at-11.56.47-1536x1020.jpeg 1536w, https:\/\/www.pi.gov.br\/wp-content\/uploads\/2023\/05\/WhatsApp-Image-2023-05-19-at-11.56.47.jpeg 1600w\" sizes=\"auto, (max-width: 1070px) 100vw, 1070px\"\/><\/p>\n<p>Participaram do evento o deputado federal Castro Neto, que na ocasi\u00e3o representou o senador Marcelo Castro; o superintendente da Companhia dos Vales dos Rios S\u00e3o Francisco e Parna\u00edba (Codevasf), Marcelo Filho; o superintendente da Companhia Nacional de Abastecimento (Conab), Danilo Viana; a prefeita de Jurema, Kaylanne Oliveira; o vice-presidente da Federa\u00e7\u00e3o dos Trabalhadores da Agricultura no Piau\u00ed (Fetag-PI) Evandro Luz; o representante da Associa\u00e7\u00e3o de Desenvolvimento Comunit\u00e1rio do Povoado Lagoa, localizado em Santa Filomena, Alm\u00e9rio Silva, dentre outros representantes do governo estadual, bem como da Assembleia Legislativa e de associa\u00e7\u00e3o dos munic\u00edpios contemplados.<\/p>\n<p>Para Rejane Tavares, a entrega de tratores \u00e9 importante para a agricultura familiar do Piau\u00ed porque fortalece o processo produtivo com o uso da tecnologia. \u201cA gente quando entrega um trator fica extremamente satisfeito, porque quebra o paradigma de que homem do campo trabalha na enxada. E o que a gente precisa \u00e9 de tecnologia, precisa modernizar a produ\u00e7\u00e3o da agricultura familiar para que a gente garanta cada vez mais comida no prato das pessoas.\u00a0 Por isso, nosso trabalho aqui na SAF tem um trip\u00e9 que a gente considera extremamente importante: fortalecer a comercializa\u00e7\u00e3o, o uso da tecnologia e o beneficiamento da produ\u00e7\u00e3o\u201d, destacou.<\/p>\n<p><img decoding=\"async\" loading=\"lazy\" class=\"alignnone wp-image-89344 size-large\" src=\"https:\/\/www.pi.gov.br\/wp-content\/uploads\/2023\/05\/WhatsApp-Image-2023-05-19-at-11.47.06-1-e1684510733961-1070x671.jpeg\" alt=\"Foto: Geirlys Silva\" width=\"1070\" height=\"671\" srcset=\"https:\/\/www.pi.gov.br\/wp-content\/uploads\/2023\/05\/WhatsApp-Image-2023-05-19-at-11.47.06-1-e1684510733961-1070x671.jpeg 1070w, https:\/\/www.pi.gov.br\/wp-content\/uploads\/2023\/05\/WhatsApp-Image-2023-05-19-at-11.47.06-1-e1684510733961-730x458.jpeg 730w, https:\/\/www.pi.gov.br\/wp-content\/uploads\/2023\/05\/WhatsApp-Image-2023-05-19-at-11.47.06-1-e1684510733961-768x482.jpeg 768w, https:\/\/www.pi.gov.br\/wp-content\/uploads\/2023\/05\/WhatsApp-Image-2023-05-19-at-11.47.06-1-e1684510733961-1536x964.jpeg 1536w, https:\/\/www.pi.gov.br\/wp-content\/uploads\/2023\/05\/WhatsApp-Image-2023-05-19-at-11.47.06-1-e1684510733961.jpeg 1600w\" sizes=\"auto, (max-width: 1070px) 100vw, 1070px\"\/><\/p>\n<p>O deputado federal Castro Neto lembrou que a profissionaliza\u00e7\u00e3o do trabalho na agricultura familiar \u00e9 importante para o fortalecimento da economia e, por consequ\u00eancia, para a melhoria da vida das pessoas. \u201cMuito importante essa entrega de equipamentos para os agricultores. S\u00e3o 26 tratores com carretas e grades aradoras que v\u00e3o beneficiar o homem do campo. Fortalece a agricultura familiar e o que ele produz, ele vende e, assim, fortalece a economia\u201d, lembrou.<\/p>\n<p>Uma das entidades beneficiadas foi a Associa\u00e7\u00e3o Serra dos Vitalinos, no munic\u00edpio de Sim\u00f5es. Para o presidente da associa\u00e7\u00e3o, F\u00e1bio Lopes do Nascimento, o equipamento vai ser bem utilizado pelos agricultores da regi\u00e3o. \u201cEsse trator vai aumentar mais a nossa produ\u00e7\u00e3o, fortalecer a nossa agricultura, e fazer com que nossa comunidade possa desenvolver melhor o seu trabalho\u201d, disse.<\/p>\n<p><img decoding=\"async\" loading=\"lazy\" class=\"alignnone wp-image-89340 size-large\" src=\"https:\/\/www.pi.gov.br\/wp-content\/uploads\/2023\/05\/WhatsApp-Image-2023-05-19-at-11.47.07-1-e1684510886642-1070x674.jpeg\" alt=\"Foto: Geirlys Silva\" width=\"1070\" height=\"674\" srcset=\"https:\/\/www.pi.gov.br\/wp-content\/uploads\/2023\/05\/WhatsApp-Image-2023-05-19-at-11.47.07-1-e1684510886642-1070x674.jpeg 1070w, https:\/\/www.pi.gov.br\/wp-content\/uploads\/2023\/05\/WhatsApp-Image-2023-05-19-at-11.47.07-1-e1684510886642-730x460.jpeg 730w, https:\/\/www.pi.gov.br\/wp-content\/uploads\/2023\/05\/WhatsApp-Image-2023-05-19-at-11.47.07-1-e1684510886642-768x484.jpeg 768w, https:\/\/www.pi.gov.br\/wp-content\/uploads\/2023\/05\/WhatsApp-Image-2023-05-19-at-11.47.07-1-e1684510886642-1536x968.jpeg 1536w, https:\/\/www.pi.gov.br\/wp-content\/uploads\/2023\/05\/WhatsApp-Image-2023-05-19-at-11.47.07-1-e1684510886642.jpeg 1600w\" sizes=\"auto, (max-width: 1070px) 100vw, 1070px\"\/><\/p>\n<p>Os munic\u00edpios contemplados com os equipamentos foram: \u00c1gua Branca, Barra D\u2019Alc\u00e2ntara, Bonfim do Piau\u00ed, Bom Jesus, Col\u00f4nia do Gurgueia, Corrente, Curimat\u00e1, Curral Novo do Piau\u00ed, Flores do Piau\u00ed, Floresta do Piau\u00ed, Fronteiras do Piau\u00ed, Guaribas, Itaueira, Jacobina do Piau\u00ed, Lagoa do Barro do Piau\u00ed, Jurema, Marcol\u00e2ndia, Monte Alegre do Piau\u00ed, Oeiras, Pau D\u2019Arco do Piau\u00ed, Pio IX, Ribeira do Piau\u00ed, Santa Filomena, S\u00e3o Braz do Piau\u00ed, S\u00e3o Jo\u00e3o do Piau\u00ed e Sim\u00f5es. Na quinta-feira (18), houve o treinamento para os representantes dos munic\u00edpios e os condutores dos ve\u00edculos com instru\u00e7\u00f5es sobre o funcionamento da m\u00e1quina e melhor forma de conserva\u00e7\u00e3o.<\/p>\n<\/p><\/div>\n<p><script async=\"\" defer=\"\" crossorigin=\"anonymous\" src=\"https:\/\/connect.facebook.net\/pt_BR\/sdk.js#xfbml=1&#038;version=v3.3\"><\/script><br \/>\n<br \/>[ad_2]<\/p>\n","protected":false},"excerpt":{"rendered":"<p>[ad_1] A secret\u00e1ria de Estado da Agricultura Familiar (SAF), Rejane Tavares, entregou, nesta sexta-feira (19), 26 tratores e implementos agr\u00edcolas, adquiridos por meio de emenda parlamentar do senador Marcelo Castro,&hellip; <\/p>\n","protected":false},"author":1,"featured_media":55446,"comment_status":"open","ping_status":"open","sticky":false,"template":"","format":"standard","meta":{"footnotes":""},"categories":[938],"tags":[],"class_list":["post-55445","post","type-post","status-publish","format-standard","has-post-thumbnail","hentry","category-governador"],"_links":{"self":[{"href":"https:\/\/mpiaui.com.br\/antigo\/index.php?rest_route=\/wp\/v2\/posts\/55445","targetHints":{"allow":["GET"]}}],"collection":[{"href":"https:\/\/mpiaui.com.br\/antigo\/index.php?rest_route=\/wp\/v2\/posts"}],"about":[{"href":"https:\/\/mpiaui.com.br\/antigo\/index.php?rest_route=\/wp\/v2\/types\/post"}],"author":[{"embeddable":true,"href":"https:\/\/mpiaui.com.br\/antigo\/index.php?rest_route=\/wp\/v2\/users\/1"}],"replies":[{"embeddable":true,"href":"https:\/\/mpiaui.com.br\/antigo\/index.php?rest_route=%2Fwp%2Fv2%2Fcomments&post=55445"}],"version-history":[{"count":0,"href":"https:\/\/mpiaui.com.br\/antigo\/index.php?rest_route=\/wp\/v2\/posts\/55445\/revisions"}],"wp:featuredmedia":[{"embeddable":true,"href":"https:\/\/mpiaui.com.br\/antigo\/index.php?rest_route=\/wp\/v2\/media\/55446"}],"wp:attachment":[{"href":"https:\/\/mpiaui.com.br\/antigo\/index.php?rest_route=%2Fwp%2Fv2%2Fmedia&parent=55445"}],"wp:term":[{"taxonomy":"category","embeddable":true,"href":"https:\/\/mpiaui.com.br\/antigo\/index.php?rest_route=%2Fwp%2Fv2%2Fcategories&post=55445"},{"taxonomy":"post_tag","embeddable":true,"href":"https:\/\/mpiaui.com.br\/antigo\/index.php?rest_route=%2Fwp%2Fv2%2Ftags&post=55445"}],"curies":[{"name":"wp","href":"https:\/\/api.w.org\/{rel}","templated":true}]}}