{"id":55447,"date":"2023-05-19T13:30:20","date_gmt":"2023-05-19T16:30:20","guid":{"rendered":"https:\/\/mpiaui.com.br\/ordem-de-servico-do-terminal-pesqueiro-de-luis-correia-sera-assinada-nesta-quinta-25\/"},"modified":"2023-05-19T13:30:20","modified_gmt":"2023-05-19T16:30:20","slug":"ordem-de-servico-do-terminal-pesqueiro-de-luis-correia-sera-assinada-nesta-quinta-25","status":"publish","type":"post","link":"https:\/\/mpiaui.com.br\/antigo\/?p=55447","title":{"rendered":"Ordem de servi\u00e7o do Terminal Pesqueiro de Lu\u00eds Correia ser\u00e1 assinada nesta quinta (25)"},"content":{"rendered":"<p> [ad_1]<br \/>\n<\/p>\n<div>\n<p>O governador Rafael Fonteles e o presidente da Investe Piau\u00ed, Victor Hugo Almeida, dar\u00e3o in\u00edcio \u00e0 implanta\u00e7\u00e3o do Porto de Lu\u00eds Correia, com a solenidade de assinatura da ordem do primeiro terminal do porto, um Terminal Pesqueiro. A assinatura ocorre na pr\u00f3xima quinta-feira (25), \u00e0s 8h30, no canteiro de obras do cais do Terminal Pesqueiro na Praia do Quebra-mar, em Lu\u00eds Correia.<\/p>\n<p>As obras iniciar\u00e3o com os servi\u00e7os de dragagem do canal de acesso ao Rio Igara\u00e7u e com a constru\u00e7\u00e3o de um cais de 180 metros de comprimento para atraca\u00e7\u00e3o de embarca\u00e7\u00f5es. O canal se inicia nas proximidades dos moles no Quebra-mar da Praia de Atalaia e tem uma extens\u00e3o de 3.238m. \u201cEssas interven\u00e7\u00f5es permitir\u00e3o que o Terminal Pesqueiro tenha capacidade de operar com navios de at\u00e9 7m de calado e 60 toneladas\u201d, explica Victor Hugo, presidente da Investe Piau\u00ed.<\/p>\n<p>O investimento total \u00e9 de R$ 89.316.782,95 e ser\u00e1 realizada pela Ag\u00eancia de Atra\u00e7\u00e3o de Investimentos Estrat\u00e9gicos do Piau\u00ed\u00a0 (Investe Piau\u00ed). A obra ser\u00e1 gerida pela Companhia de Terminais Alfandegados do Piau\u00ed (Porto-PI) e executada pela vencedora do processo licitat\u00f3rio, a DTA Engenharia LTDA.<\/p>\n<p>\u201cA assinatura da ordem de servi\u00e7os demonstra o compromisso do governador Rafael Fonteles com o desenvolvimento econ\u00f4mico do Estado, al\u00e9m de marcar o in\u00edcio do cumprimento de mais um de seus compromissos com a popula\u00e7\u00e3o\u201d, aponta Maria Cristina Ara\u00fajo, presidente da Porto-PI.<\/p>\n<p>\u00a0<\/p>\n<p>\u00a0<\/p>\n<\/p><\/div>\n<p><script async=\"\" defer=\"\" crossorigin=\"anonymous\" src=\"https:\/\/connect.facebook.net\/pt_BR\/sdk.js#xfbml=1&#038;version=v3.3\"><\/script><br \/>\n<br \/>[ad_2]<\/p>\n","protected":false},"excerpt":{"rendered":"<p>[ad_1] O governador Rafael Fonteles e o presidente da Investe Piau\u00ed, Victor Hugo Almeida, dar\u00e3o in\u00edcio \u00e0 implanta\u00e7\u00e3o do Porto de Lu\u00eds Correia, com a solenidade de assinatura da ordem&hellip; <\/p>\n","protected":false},"author":1,"featured_media":55448,"comment_status":"open","ping_status":"open","sticky":false,"template":"","format":"standard","meta":{"footnotes":""},"categories":[938],"tags":[],"class_list":["post-55447","post","type-post","status-publish","format-standard","has-post-thumbnail","hentry","category-governador"],"_links":{"self":[{"href":"https:\/\/mpiaui.com.br\/antigo\/index.php?rest_route=\/wp\/v2\/posts\/55447","targetHints":{"allow":["GET"]}}],"collection":[{"href":"https:\/\/mpiaui.com.br\/antigo\/index.php?rest_route=\/wp\/v2\/posts"}],"about":[{"href":"https:\/\/mpiaui.com.br\/antigo\/index.php?rest_route=\/wp\/v2\/types\/post"}],"author":[{"embeddable":true,"href":"https:\/\/mpiaui.com.br\/antigo\/index.php?rest_route=\/wp\/v2\/users\/1"}],"replies":[{"embeddable":true,"href":"https:\/\/mpiaui.com.br\/antigo\/index.php?rest_route=%2Fwp%2Fv2%2Fcomments&post=55447"}],"version-history":[{"count":0,"href":"https:\/\/mpiaui.com.br\/antigo\/index.php?rest_route=\/wp\/v2\/posts\/55447\/revisions"}],"wp:featuredmedia":[{"embeddable":true,"href":"https:\/\/mpiaui.com.br\/antigo\/index.php?rest_route=\/wp\/v2\/media\/55448"}],"wp:attachment":[{"href":"https:\/\/mpiaui.com.br\/antigo\/index.php?rest_route=%2Fwp%2Fv2%2Fmedia&parent=55447"}],"wp:term":[{"taxonomy":"category","embeddable":true,"href":"https:\/\/mpiaui.com.br\/antigo\/index.php?rest_route=%2Fwp%2Fv2%2Fcategories&post=55447"},{"taxonomy":"post_tag","embeddable":true,"href":"https:\/\/mpiaui.com.br\/antigo\/index.php?rest_route=%2Fwp%2Fv2%2Ftags&post=55447"}],"curies":[{"name":"wp","href":"https:\/\/api.w.org\/{rel}","templated":true}]}}