{"id":55449,"date":"2023-05-19T14:13:57","date_gmt":"2023-05-19T17:13:57","guid":{"rendered":"https:\/\/mpiaui.com.br\/seminario-com-jornalistas-e-diversas-classes-trabalhadoras-acontece-em-teresina\/"},"modified":"2023-05-19T14:13:57","modified_gmt":"2023-05-19T17:13:57","slug":"seminario-com-jornalistas-e-diversas-classes-trabalhadoras-acontece-em-teresina","status":"publish","type":"post","link":"https:\/\/mpiaui.com.br\/antigo\/?p=55449","title":{"rendered":"Semin\u00e1rio com jornalistas e diversas classes trabalhadoras acontece em Teresina"},"content":{"rendered":"<div>\n<p>\n                                                <img decoding=\"async\" src=\"https:\/\/piauihoje.com\/uploads\/imagens\/sem-titulo-1684513041.png\" alt=\"Semin\u00e1rio de Comunica\u00e7\u00e3o Sindical em Teresina\" style=\"width: 100% !important;\"\/>\n                                                <\/p>\n<p>\n                                                    <span>Semin\u00e1rio de Comunica\u00e7\u00e3o Sindical em Teresina<\/span><br \/>\n                                                    <span>Foto: Divulga\u00e7\u00e3o<\/span>\n                                                <\/p>\n<p>Teve in\u00edcio nesta sexta-feira (19), no audit\u00f3rio do Sindicato <span style=\"color: rgb(0, 0, 0); font-family: \" open=\"\" sans=\"\" neue=\"\" helvetica=\"\" arial=\"\" sans-serif=\"\" font-size:=\"\" font-style:=\"\" normal=\"\" font-variant-ligatures:=\"\" font-variant-caps:=\"\" font-weight:=\"\" letter-spacing:=\"\" orphans:=\"\" text-align:=\"\" start=\"\" text-indent:=\"\" text-transform:=\"\" none=\"\" white-space:=\"\" widows:=\"\" word-spacing:=\"\" background-color:=\"\" rgb=\"\" text-decoration-thickness:=\"\" initial=\"\" text-decoration-style:=\"\" text-decoration-color:=\"\" display:=\"\" inline=\"\" float:=\"\">dos trabalhadores em Telecomunica\u00e7\u00f5es do Piau\u00ed (Sinttel-PI), o <span style=\"color: rgb(0, 0, 0); font-family: \" open=\"\" sans=\"\" neue=\"\" helvetica=\"\" arial=\"\" sans-serif=\"\" font-size:=\"\" font-style:=\"\" normal=\"\" font-variant-ligatures:=\"\" font-variant-caps:=\"\" font-weight:=\"\" letter-spacing:=\"\" orphans:=\"\" text-align:=\"\" start=\"\" text-indent:=\"\" text-transform:=\"\" none=\"\" white-space:=\"\" widows:=\"\" word-spacing:=\"\" background-color:=\"\" rgb=\"\" text-decoration-thickness:=\"\" initial=\"\" text-decoration-style:=\"\" text-decoration-color:=\"\" display:=\"\" inline=\"\" float:=\"\">Semin\u00e1rio de Comunica\u00e7\u00e3o Sindical em Teresina. O evento acontece at\u00e9 amanh\u00e3 (20) e \u00e9 promovido pelo Sindicato dos Trabalhadores em Educa\u00e7\u00e3o (Sinte-PI) e o N\u00facleo Piratininga de Comunica\u00e7\u00e3o.<\/span><\/span><\/p>\n<p><span style=\"color: rgb(0, 0, 0); font-family: \" open=\"\" sans=\"\" neue=\"\" helvetica=\"\" arial=\"\" sans-serif=\"\" font-size:=\"\" font-style:=\"\" normal=\"\" font-variant-ligatures:=\"\" font-variant-caps:=\"\" font-weight:=\"\" letter-spacing:=\"\" orphans:=\"\" text-align:=\"\" start=\"\" text-indent:=\"\" text-transform:=\"\" none=\"\" white-space:=\"\" widows:=\"\" word-spacing:=\"\" background-color:=\"\" rgb=\"\" text-decoration-thickness:=\"\" initial=\"\" text-decoration-style:=\"\" text-decoration-color:=\"\" display:=\"\" inline=\"\" float:=\"\"><span style=\"color: rgb(0, 0, 0); font-family: \" open=\"\" sans=\"\" neue=\"\" helvetica=\"\" arial=\"\" sans-serif=\"\" font-size:=\"\" font-style:=\"\" normal=\"\" font-variant-ligatures:=\"\" font-variant-caps:=\"\" font-weight:=\"\" letter-spacing:=\"\" orphans:=\"\" text-align:=\"\" start=\"\" text-indent:=\"\" text-transform:=\"\" none=\"\" white-space:=\"\" widows:=\"\" word-spacing:=\"\" background-color:=\"\" rgb=\"\" text-decoration-thickness:=\"\" initial=\"\" text-decoration-style:=\"\" text-decoration-color:=\"\" display:=\"\" inline=\"\" float:=\"\">O encontro \u00e9 voltado para jornalistas, acad\u00eamicos e trabalhadores de diversas categorias. O objetivo \u00e9 discutir\u00a0<\/span><\/span><span style=\"color: rgb(0, 0, 0); font-family: \" open=\"\" sans=\"\" neue=\"\" helvetica=\"\" arial=\"\" sans-serif=\"\" font-size:=\"\" font-style:=\"\" normal=\"\" font-variant-ligatures:=\"\" font-variant-caps:=\"\" font-weight:=\"\" letter-spacing:=\"\" orphans:=\"\" text-align:=\"\" start=\"\" text-indent:=\"\" text-transform:=\"\" none=\"\" white-space:=\"\" widows:=\"\" word-spacing:=\"\" background-color:=\"\" rgb=\"\" text-decoration-thickness:=\"\" initial=\"\" text-decoration-style:=\"\" text-decoration-color:=\"\" display:=\"\" inline=\"\" float:=\"\"><span style=\"color: rgb(0, 0, 0); font-family: \" open=\"\" sans=\"\" neue=\"\" helvetica=\"\" arial=\"\" sans-serif=\"\" font-size:=\"\" font-style:=\"\" normal=\"\" font-variant-ligatures:=\"\" font-variant-caps:=\"\" font-weight:=\"\" letter-spacing:=\"\" orphans:=\"\" text-align:=\"\" start=\"\" text-indent:=\"\" text-transform:=\"\" none=\"\" white-space:=\"\" widows:=\"\" word-spacing:=\"\" background-color:=\"\" rgb=\"\" text-decoration-thickness:=\"\" initial=\"\" text-decoration-style:=\"\" text-decoration-color:=\"\" display:=\"\" inline=\"\" float:=\"\">as experi\u00eancias e o papel da comunica\u00e7\u00e3o sindical na perspectiva da classe trabalhadora.<\/span><\/span><\/p>\n<p><strong>Veja a programa\u00e7\u00e3o:<\/strong><\/p>\n<p><strong>Sexta-feira, 19 de maio<\/strong><\/p>\n<p><strong>9:00 &#8211; Abertura<\/strong><\/p>\n<p>Claudia Santiago (NPC)<\/p>\n<p>Paulina\u00a0Almeida\u00a0(SINTE-PI)<\/p>\n<p>Paulo Bezerra (CUT)<\/p>\n<p>Edimar\u00a0Nascimento\u00a0(SINTE-PI)<\/p>\n<p>Luis Carlos (CNTE)<\/p>\n<p><img decoding=\"async\" class=\"fr-dib\" src=\"https:\/\/piauihoje.com\/uploads\/editor\/1684515157702_c8a4ddd9778d5302ef0ddf749b725678909fa912.jpg\" style=\"width: 800px;\"\/><\/p>\n<p><strong>10:00 &#8211;\u00a0<\/strong><strong>Comunicar com todos os meios e falar para milh\u00f5es<\/strong><\/p>\n<p>Assun\u00e7\u00e3o Ferreira (Coletivo de Mulheres do PSOL)<\/p>\n<p>Claudia Santiago (NPC)<\/p>\n<p>Paulo Fernando\u00a0Lopes\u00a0(UFPI)<\/p>\n<p><img decoding=\"async\" class=\"fr-dib\" src=\"https:\/\/piauihoje.com\/uploads\/editor\/1684515087712_bcc2aa71a760122ca9f6214c418ba934416aea7f.jpg\" style=\"width: 800px;\"\/><\/p>\n<p><strong>14:00 &#8211; Comunica\u00e7\u00e3o no S\u00e9c. XXI &#8211; A internet entre o controle social e as possibilidades emancipat\u00f3rias\u00a0<\/strong><\/p>\n<p>Iraildon Mota (Comradio)<\/p>\n<p>Luan Matheus (GP JOII \/ Ocorre Di\u00e1rio)<\/p>\n<p>Marta Alencar (COAR \/ LIC)<\/p>\n<p><img decoding=\"async\" class=\"fr-dib\" src=\"https:\/\/piauihoje.com\/uploads\/editor\/1684515063160_b18c08ec9baa6b040321081746a6d7f687161f5c.jpg\" style=\"width: 800px;\"\/><\/p>\n<p><strong>S\u00e1bado, 20 de maio<\/strong><\/p>\n<p><strong>9:00 &#8211; Hist\u00f3ria da Comunica\u00e7\u00e3o no Piau\u00ed e desafios atuais<\/strong><\/p>\n<p>Adilson de Apiaim (MST)<\/p>\n<p>Cant\u00eddio Filho (UFPI)<\/p>\n<p>Jos\u00e9 Vanderlei Filho (SINTE-PI)<\/p>\n<p>Ricardo\u00a0Campos (Abra\u00e7o-PI)<\/p>\n<p><img decoding=\"async\" class=\"fr-dib\" src=\"https:\/\/piauihoje.com\/uploads\/editor\/1684515110074_393cfbce3e2c7e1d320c80176cebb89986a9d426.jpg\" style=\"width: 800px;\"\/><\/p>\n<p><strong>10:30 &#8211; Comunica\u00e7\u00e3o, Forma\u00e7\u00e3o e Organiza\u00e7\u00e3o Sindical<\/strong><\/p>\n<p>Elton Arruda (CTB)<\/p>\n<p>Herberth\u00a0Marinho (Sintepi\u00a0e CUT-PI)<\/p>\n<p>Jo\u00e3o de Moura (FITTEL)<\/p>\n<p>Marli Clementino (ADUFPI)<\/p>\n<p><img decoding=\"async\" class=\"fr-dib\" src=\"https:\/\/piauihoje.com\/uploads\/editor\/1684515121519_92cd37fa74511f6c2b7df49b7b0581f24a6265d1.jpg\" style=\"width: 800px;\"\/><\/p>\n<p><strong>14:00 &#8211; Experi\u00eancias em Comunica\u00e7\u00e3o Sindical<\/strong><\/p>\n<p>Gleydjane Moura (SINTE-PI)<\/p>\n<p>Paulina Almeida\u00a0(SINTE-PI)<\/p>\n<p>Socorro Silva (CUT-PI)<\/p>\n<p><img decoding=\"async\" class=\"fr-dib\" src=\"https:\/\/piauihoje.com\/uploads\/editor\/1684515133117_789ad7b5224201a2283f1cdc00b496c3d701764d.jpg\" style=\"width: 800px;\"\/><\/p>\n<p><strong>16:00 -Intervalo &#8211; caf\u00e9<\/strong><\/p>\n<p><strong>16:30- Oficinas de Comunica\u00e7\u00e3o Sindical<\/strong><\/p>\n<p>Reda\u00e7\u00e3o: Claudia Santiago (NPC)<\/p>\n<p>R\u00e1dio: Iraildon Mota\u00a0(Comr\u00e1dio)<\/p>\n<p>Redes sociais: Joseane Albuquerque (Propagtel)<\/p>\n<p><img decoding=\"async\" class=\"fr-dib\" src=\"https:\/\/piauihoje.com\/uploads\/editor\/1684515144986_be2e03bdd5834e8a3ac79331cd3f7fd0419778cf.jpg\" style=\"width: 800px;\"\/><\/p>\n<\/p><\/div>\n","protected":false},"excerpt":{"rendered":"<p>Semin\u00e1rio de Comunica\u00e7\u00e3o Sindical em Teresina Foto: Divulga\u00e7\u00e3o Teve in\u00edcio nesta sexta-feira (19), no audit\u00f3rio do Sindicato dos trabalhadores em Telecomunica\u00e7\u00f5es do Piau\u00ed (Sinttel-PI), o Semin\u00e1rio de Comunica\u00e7\u00e3o Sindical em&hellip; <\/p>\n","protected":false},"author":1,"featured_media":55450,"comment_status":"open","ping_status":"open","sticky":false,"template":"","format":"standard","meta":{"footnotes":""},"categories":[78],"tags":[],"class_list":["post-55449","post","type-post","status-publish","format-standard","has-post-thumbnail","hentry","category-teresina"],"_links":{"self":[{"href":"https:\/\/mpiaui.com.br\/antigo\/index.php?rest_route=\/wp\/v2\/posts\/55449","targetHints":{"allow":["GET"]}}],"collection":[{"href":"https:\/\/mpiaui.com.br\/antigo\/index.php?rest_route=\/wp\/v2\/posts"}],"about":[{"href":"https:\/\/mpiaui.com.br\/antigo\/index.php?rest_route=\/wp\/v2\/types\/post"}],"author":[{"embeddable":true,"href":"https:\/\/mpiaui.com.br\/antigo\/index.php?rest_route=\/wp\/v2\/users\/1"}],"replies":[{"embeddable":true,"href":"https:\/\/mpiaui.com.br\/antigo\/index.php?rest_route=%2Fwp%2Fv2%2Fcomments&post=55449"}],"version-history":[{"count":0,"href":"https:\/\/mpiaui.com.br\/antigo\/index.php?rest_route=\/wp\/v2\/posts\/55449\/revisions"}],"wp:featuredmedia":[{"embeddable":true,"href":"https:\/\/mpiaui.com.br\/antigo\/index.php?rest_route=\/wp\/v2\/media\/55450"}],"wp:attachment":[{"href":"https:\/\/mpiaui.com.br\/antigo\/index.php?rest_route=%2Fwp%2Fv2%2Fmedia&parent=55449"}],"wp:term":[{"taxonomy":"category","embeddable":true,"href":"https:\/\/mpiaui.com.br\/antigo\/index.php?rest_route=%2Fwp%2Fv2%2Fcategories&post=55449"},{"taxonomy":"post_tag","embeddable":true,"href":"https:\/\/mpiaui.com.br\/antigo\/index.php?rest_route=%2Fwp%2Fv2%2Ftags&post=55449"}],"curies":[{"name":"wp","href":"https:\/\/api.w.org\/{rel}","templated":true}]}}