{"id":55453,"date":"2023-05-19T15:16:19","date_gmt":"2023-05-19T18:16:19","guid":{"rendered":"https:\/\/mpiaui.com.br\/ssp-mp-e-imepi-realizam-fiscalizacao-para-garantir-reducao-dos-precos-de-combustiveis-em-teresina\/"},"modified":"2023-05-19T15:16:19","modified_gmt":"2023-05-19T18:16:19","slug":"ssp-mp-e-imepi-realizam-fiscalizacao-para-garantir-reducao-dos-precos-de-combustiveis-em-teresina","status":"publish","type":"post","link":"https:\/\/mpiaui.com.br\/antigo\/?p=55453","title":{"rendered":"SSP, MP e Imepi realizam fiscaliza\u00e7\u00e3o para garantir redu\u00e7\u00e3o dos pre\u00e7os de combust\u00edveis em Teresina"},"content":{"rendered":"<p> [ad_1]<br \/>\n<\/p>\n<div>\n<p>A Secretaria de Seguran\u00e7a P\u00fablica (SSP-PI), por meio da Diretoria de Prote\u00e7\u00e3o ao Consumidor (Procon\/SSP), o Programa Estadual de Prote\u00e7\u00e3o e Defesa do Consumidor do Minist\u00e9rio P\u00fablico (Procon\/MP-PI), o Instituto de Metrologia do Estado do Piau\u00ed (Imepi) e a Delegacia Especializada de Crimes Contra a Ordem Tribut\u00e1ria, Econ\u00f4mica e Contra as Rela\u00e7\u00f5es de Consumo (Deccoterc) realizaram na manh\u00e3 da \u00faltima quinta-feira (18), o trabalho de fiscaliza\u00e7\u00e3o conjunto em postos de combust\u00edveis localizados em Teresina.<\/p>\n<p>A a\u00e7\u00e3o visa garantir que os estabelecimentos cumpram a nova pol\u00edtica de pre\u00e7os da Petrobras, seguindo a orienta\u00e7\u00e3o t\u00e9cnica da Secretaria Nacional do Consumidor (Senacon) do Minist\u00e9rio da Justi\u00e7a.<\/p>\n<p>De acordo com o gerente da Diretoria de Prote\u00e7\u00e3o ao Consumidor da Secretaria de Seguran\u00e7a P\u00fablica, Hassan Said, foi constatado durante a a\u00e7\u00e3o, que alguns postos e distribuidoras n\u00e3o est\u00e3o cumprindo a nova redu\u00e7\u00e3o de pre\u00e7os determinada pela Petrobras.<\/p>\n<p>\u201cO que foi fiscalizado, al\u00e9m da precifica\u00e7\u00e3o, foi a quantidade e qualidade dos combust\u00edveis. A quantidade \u00e9 avaliada atrav\u00e9s da bomba, para saber se o valor comprado pelo consumidor corresponde ao volume que est\u00e1 sendo abastecido, e a qualidade \u00e9 sobre a composi\u00e7\u00e3o do combust\u00edvel que est\u00e1 sendo entregue pelos postos e distribuidoras\u201d, observou Hassan.<\/p>\n<p>O gerente da Diretoria de Prote\u00e7\u00e3o ao Consumidor da Secretaria de Seguran\u00e7a P\u00fablica explicou ainda que a a\u00e7\u00e3o n\u00e3o aconteceu somente na capital. \u201cA Opera\u00e7\u00e3o Petr\u00f3leo Real, que vem acontecendo em todo o pa\u00eds, fez parte dessas a\u00e7\u00f5es de fiscaliza\u00e7\u00e3o no Piau\u00ed, garantindo transpar\u00eancia ao consumidor e combatendo a pr\u00e1tica de quem n\u00e3o tem cumprido com a nova pol\u00edtica de pre\u00e7os orientada pela Secretaria Nacional do Consumidor (Senacon)\u201d, concluiu.<\/p>\n<p>A fiscaliza\u00e7\u00e3o foi realizada durante toda a quinta-feira (18), sendo quatro redes de postos fiscalizadas e tr\u00eas notificadas. O secret\u00e1rio de Seguran\u00e7a P\u00fablica, Chico Lucas, informou que a redu\u00e7\u00e3o do valor dos combust\u00edveis nas refinarias dever\u00e1 ser imediatamente repassada aos consumidores pelos postos revendedores de combust\u00edveis.<\/p>\n<p>Em caso de descumprimento, o infrator ficar\u00e1 sujeito a san\u00e7\u00f5es administrativas, entre elas, multa, suspens\u00e3o tempor\u00e1ria da atividade, interdi\u00e7\u00e3o, total ou parcial, do estabelecimento e cassa\u00e7\u00e3o da licen\u00e7a de funcionamento.<\/p>\n<p><img decoding=\"async\" loading=\"lazy\" class=\"size-medium wp-image-89385 aligncenter\" src=\"https:\/\/www.pi.gov.br\/wp-content\/uploads\/2023\/05\/WhatsApp-Image-2023-05-18-at-11.31.33-730x548.jpeg\" alt=\"\" width=\"730\" height=\"548\" srcset=\"https:\/\/www.pi.gov.br\/wp-content\/uploads\/2023\/05\/WhatsApp-Image-2023-05-18-at-11.31.33-730x548.jpeg 730w, https:\/\/www.pi.gov.br\/wp-content\/uploads\/2023\/05\/WhatsApp-Image-2023-05-18-at-11.31.33-1070x803.jpeg 1070w, https:\/\/www.pi.gov.br\/wp-content\/uploads\/2023\/05\/WhatsApp-Image-2023-05-18-at-11.31.33-768x576.jpeg 768w, https:\/\/www.pi.gov.br\/wp-content\/uploads\/2023\/05\/WhatsApp-Image-2023-05-18-at-11.31.33.jpeg 1280w\" sizes=\"auto, (max-width: 730px) 100vw, 730px\"\/><\/p>\n<p>\u00a0<\/p>\n<\/p><\/div>\n<p><script async=\"\" defer=\"\" crossorigin=\"anonymous\" src=\"https:\/\/connect.facebook.net\/pt_BR\/sdk.js#xfbml=1&#038;version=v3.3\"><\/script><br \/>\n<br \/>[ad_2]<\/p>\n","protected":false},"excerpt":{"rendered":"<p>[ad_1] A Secretaria de Seguran\u00e7a P\u00fablica (SSP-PI), por meio da Diretoria de Prote\u00e7\u00e3o ao Consumidor (Procon\/SSP), o Programa Estadual de Prote\u00e7\u00e3o e Defesa do Consumidor do Minist\u00e9rio P\u00fablico (Procon\/MP-PI), o&hellip; <\/p>\n","protected":false},"author":1,"featured_media":55454,"comment_status":"open","ping_status":"open","sticky":false,"template":"","format":"standard","meta":{"footnotes":""},"categories":[938],"tags":[],"class_list":["post-55453","post","type-post","status-publish","format-standard","has-post-thumbnail","hentry","category-governador"],"_links":{"self":[{"href":"https:\/\/mpiaui.com.br\/antigo\/index.php?rest_route=\/wp\/v2\/posts\/55453","targetHints":{"allow":["GET"]}}],"collection":[{"href":"https:\/\/mpiaui.com.br\/antigo\/index.php?rest_route=\/wp\/v2\/posts"}],"about":[{"href":"https:\/\/mpiaui.com.br\/antigo\/index.php?rest_route=\/wp\/v2\/types\/post"}],"author":[{"embeddable":true,"href":"https:\/\/mpiaui.com.br\/antigo\/index.php?rest_route=\/wp\/v2\/users\/1"}],"replies":[{"embeddable":true,"href":"https:\/\/mpiaui.com.br\/antigo\/index.php?rest_route=%2Fwp%2Fv2%2Fcomments&post=55453"}],"version-history":[{"count":0,"href":"https:\/\/mpiaui.com.br\/antigo\/index.php?rest_route=\/wp\/v2\/posts\/55453\/revisions"}],"wp:featuredmedia":[{"embeddable":true,"href":"https:\/\/mpiaui.com.br\/antigo\/index.php?rest_route=\/wp\/v2\/media\/55454"}],"wp:attachment":[{"href":"https:\/\/mpiaui.com.br\/antigo\/index.php?rest_route=%2Fwp%2Fv2%2Fmedia&parent=55453"}],"wp:term":[{"taxonomy":"category","embeddable":true,"href":"https:\/\/mpiaui.com.br\/antigo\/index.php?rest_route=%2Fwp%2Fv2%2Fcategories&post=55453"},{"taxonomy":"post_tag","embeddable":true,"href":"https:\/\/mpiaui.com.br\/antigo\/index.php?rest_route=%2Fwp%2Fv2%2Ftags&post=55453"}],"curies":[{"name":"wp","href":"https:\/\/api.w.org\/{rel}","templated":true}]}}