{"id":55455,"date":"2023-05-19T15:17:50","date_gmt":"2023-05-19T18:17:50","guid":{"rendered":"https:\/\/mpiaui.com.br\/deputado-vai-apoiar-projeto-da-prf-que-dara-acesso-a-cnh-gratuita-para-populacao\/"},"modified":"2023-05-19T15:17:50","modified_gmt":"2023-05-19T18:17:50","slug":"deputado-vai-apoiar-projeto-da-prf-que-dara-acesso-a-cnh-gratuita-para-populacao","status":"publish","type":"post","link":"https:\/\/mpiaui.com.br\/antigo\/?p=55455","title":{"rendered":"Deputado vai apoiar projeto da PRF que dar\u00e1 acesso a CNH gratuita para popula\u00e7\u00e3o"},"content":{"rendered":"<div>\n<p>\n                                                <img decoding=\"async\" src=\"https:\/\/piauihoje.com\/uploads\/imagens\/francisco-costa\" alt=\"Francisco Costa\" style=\"width: 100% !important;\"\/>\n                                                <\/p>\n<p>\n                                                    <span>Francisco Costa<\/span><br \/>\n                                                    <span>Foto: <\/span>\n                                                <\/p>\n<p>O deputado federal Dr Francisco (PT-PI) vai apoiar com emenda parlamentar o projeto da Pol\u00edcia Rodovi\u00e1ria Federal para viabilizar a carteira de habilita\u00e7\u00e3o, prioritariamente, para pessoas que estejam no Cadastro \u00danico e egressos de programas de educa\u00e7\u00e3o de jovens e adultos. A proposta foi apresentada hoje (19), em Teresina, pelo superintendente da PRF no Piau\u00ed, Bruno Dias.<\/p>\n<p>\u201cFirmei compromisso de ajudar com emenda parlamentar para que esse trabalho seja realizado. Sabemos que nosso estado possui um \u00edndice elevado de pessoas sem CNH, sendo que a falta de condi\u00e7\u00f5es financeiras \u00e9 um dos principais motivos para custear todo o processo que inclui autoescola, taxas e exames\u201d, disse o parlamentar.<\/p>\n<p>Al\u00e9m do trabalho que vai al\u00e9m da fiscaliza\u00e7\u00e3o nas rodovias federais, o superintendente da PRF tamb\u00e9m apresentou dados da institui\u00e7\u00e3o, os resultados operacionais e as perspectivas de avan\u00e7o para os pr\u00f3ximos anos.<\/p>\n<p>Para o vereador de Floriano, Jo\u00e3o Neto Gomes, \u201cesse projeto \u00e9 de extrema import\u00e2ncia na nossa sociedade, possibilitando a inclus\u00e3o dos que mais precisam e gerando mais seguran\u00e7a nas estradas\u201d.<\/p>\n<p>Participaram da reuni\u00e3o o superintendente Executivo, Alexandre Cruz, o chefe de Gabinete, J\u00e2nio Albuquerque e o agente da PRF, Marcos Felinto.<\/p>\n<\/p><\/div>\n","protected":false},"excerpt":{"rendered":"<p>Francisco Costa Foto: O deputado federal Dr Francisco (PT-PI) vai apoiar com emenda parlamentar o projeto da Pol\u00edcia Rodovi\u00e1ria Federal para viabilizar a carteira de habilita\u00e7\u00e3o, prioritariamente, para pessoas que&hellip; <\/p>\n","protected":false},"author":1,"featured_media":0,"comment_status":"open","ping_status":"open","sticky":false,"template":"","format":"standard","meta":{"footnotes":""},"categories":[78],"tags":[],"class_list":["post-55455","post","type-post","status-publish","format-standard","hentry","category-teresina"],"_links":{"self":[{"href":"https:\/\/mpiaui.com.br\/antigo\/index.php?rest_route=\/wp\/v2\/posts\/55455","targetHints":{"allow":["GET"]}}],"collection":[{"href":"https:\/\/mpiaui.com.br\/antigo\/index.php?rest_route=\/wp\/v2\/posts"}],"about":[{"href":"https:\/\/mpiaui.com.br\/antigo\/index.php?rest_route=\/wp\/v2\/types\/post"}],"author":[{"embeddable":true,"href":"https:\/\/mpiaui.com.br\/antigo\/index.php?rest_route=\/wp\/v2\/users\/1"}],"replies":[{"embeddable":true,"href":"https:\/\/mpiaui.com.br\/antigo\/index.php?rest_route=%2Fwp%2Fv2%2Fcomments&post=55455"}],"version-history":[{"count":0,"href":"https:\/\/mpiaui.com.br\/antigo\/index.php?rest_route=\/wp\/v2\/posts\/55455\/revisions"}],"wp:attachment":[{"href":"https:\/\/mpiaui.com.br\/antigo\/index.php?rest_route=%2Fwp%2Fv2%2Fmedia&parent=55455"}],"wp:term":[{"taxonomy":"category","embeddable":true,"href":"https:\/\/mpiaui.com.br\/antigo\/index.php?rest_route=%2Fwp%2Fv2%2Fcategories&post=55455"},{"taxonomy":"post_tag","embeddable":true,"href":"https:\/\/mpiaui.com.br\/antigo\/index.php?rest_route=%2Fwp%2Fv2%2Ftags&post=55455"}],"curies":[{"name":"wp","href":"https:\/\/api.w.org\/{rel}","templated":true}]}}