{"id":55456,"date":"2023-05-19T15:37:01","date_gmt":"2023-05-19T18:37:01","guid":{"rendered":"https:\/\/mpiaui.com.br\/sasc-assina-termos-de-cooperacao-para-qualificacao-dos-socieducandos\/"},"modified":"2023-05-19T15:37:01","modified_gmt":"2023-05-19T18:37:01","slug":"sasc-assina-termos-de-cooperacao-para-qualificacao-dos-socieducandos","status":"publish","type":"post","link":"https:\/\/mpiaui.com.br\/antigo\/?p=55456","title":{"rendered":"Sasc assina termos de coopera\u00e7\u00e3o para qualifica\u00e7\u00e3o dos socieducandos"},"content":{"rendered":"<p> [ad_1]<br \/>\n<\/p>\n<div>\n<p>A secret\u00e1ria da Assist\u00eancia Social, Trabalho e Direitos Humanos, Regina Sousa, assinou Acordo de Coopera\u00e7\u00e3o T\u00e9cnica celebrado com o Instituto Federal de Educa\u00e7\u00e3o, Ci\u00eancia e Tecnologia do Piau\u00ed (IFPI), o Tribunal de Justi\u00e7a do Piau\u00ed (TJ-PI), a Secretaria Estadual de Assist\u00eancia Social e Cidadania (Sasc) e Secretaria Municipal de Assist\u00eancia Social e Pol\u00edticas Integradas (Semcaspi). A solenidade aconteceu na sede do Tribunal de Justi\u00e7a, na \u00faltima quinta-feira (18).<\/p>\n<p>A parceria tem por objetivo o desenvolvimento do Projeto Novos Horizontes, voltado \u00e0 adolescentes em cumprimento de medidas socioeducativas no munic\u00edpio de Teresina, por meio da realiza\u00e7\u00e3o de cursos e a\u00e7\u00f5es de forma\u00e7\u00e3o profissional e cidad\u00e3, visando ao seu desenvolvimento profissional e inclus\u00e3o socioprodutiva desses adolescentes, contribuindo com o processo de ressocializa\u00e7\u00e3o.<\/p>\n<p>Nesta primeira etapa da parceria, 20 adolescentes participar\u00e3o de curso de opera\u00e7\u00e3o de microcomputadores e ser\u00e3o orientados para o mercado de trabalho.<\/p>\n<p><img decoding=\"async\" loading=\"lazy\" class=\" wp-image-89393 aligncenter\" src=\"https:\/\/www.pi.gov.br\/wp-content\/uploads\/2023\/05\/DSC_0137-730x487.jpg\" alt=\"\" width=\"582\" height=\"388\" srcset=\"https:\/\/www.pi.gov.br\/wp-content\/uploads\/2023\/05\/DSC_0137-730x487.jpg 730w, https:\/\/www.pi.gov.br\/wp-content\/uploads\/2023\/05\/DSC_0137-1070x713.jpg 1070w, https:\/\/www.pi.gov.br\/wp-content\/uploads\/2023\/05\/DSC_0137-768x512.jpg 768w, https:\/\/www.pi.gov.br\/wp-content\/uploads\/2023\/05\/DSC_0137-391x260.jpg 391w, https:\/\/www.pi.gov.br\/wp-content\/uploads\/2023\/05\/DSC_0137-1536x1024.jpg 1536w, https:\/\/www.pi.gov.br\/wp-content\/uploads\/2023\/05\/DSC_0137-2048x1365.jpg 2048w\" sizes=\"auto, (max-width: 582px) 100vw, 582px\"\/><\/p>\n<p>De acordo com a superintendente de Direitos Humanos da Sasc, S\u00f4nia Terra, o projeto intitulado Novos Horizontes, busca a qualifica\u00e7\u00e3o dos socioeducandos, que s\u00e3o os adolescente em medidas educativas: \u201cO projeto al\u00e9m de qualificar na parte da inform\u00e1tica, empreendedorismo, com no\u00e7\u00f5es de \u00e9tica e direitos humanos e outras quest\u00f5es que v\u00e3o permitir a eles,uma maior qualifica\u00e7\u00e3o e uma melhor reintegra\u00e7\u00e3o ao meio social na sua sa\u00edda dessas medidas socioeducativas\u201d, disse S\u00f4nia.<\/p>\n<p>A Sasc \u00e9 o \u00f3rg\u00e3o executor das medidas socioeducativas privativas de liberdade no \u00e2mbito do Estado do Piau\u00ed, incluindo o Programa de Semiliberdade (interna\u00e7\u00e3o com direito a atividades externas), com a responsabilidade de planejar, executar e monitorar a pol\u00edtica de Atendimento Socioeducativo, conforme as orienta\u00e7\u00f5es do Sistema Nacional de Atendimento Socioeducativo(Sinase).<\/p>\n<p><img decoding=\"async\" loading=\"lazy\" class=\" wp-image-89394 aligncenter\" src=\"https:\/\/www.pi.gov.br\/wp-content\/uploads\/2023\/05\/DSC_0131-730x487.jpg\" alt=\"\" width=\"596\" height=\"398\" srcset=\"https:\/\/www.pi.gov.br\/wp-content\/uploads\/2023\/05\/DSC_0131-730x487.jpg 730w, https:\/\/www.pi.gov.br\/wp-content\/uploads\/2023\/05\/DSC_0131-1070x713.jpg 1070w, https:\/\/www.pi.gov.br\/wp-content\/uploads\/2023\/05\/DSC_0131-768x512.jpg 768w, https:\/\/www.pi.gov.br\/wp-content\/uploads\/2023\/05\/DSC_0131-391x260.jpg 391w, https:\/\/www.pi.gov.br\/wp-content\/uploads\/2023\/05\/DSC_0131-1536x1024.jpg 1536w, https:\/\/www.pi.gov.br\/wp-content\/uploads\/2023\/05\/DSC_0131-2048x1365.jpg 2048w\" sizes=\"auto, (max-width: 596px) 100vw, 596px\"\/><\/p>\n<p><img decoding=\"async\" loading=\"lazy\" class=\"wp-image-89398 aligncenter\" src=\"https:\/\/www.pi.gov.br\/wp-content\/uploads\/2023\/05\/DSC_0157-730x487.jpg\" alt=\"\" width=\"599\" height=\"400\" srcset=\"https:\/\/www.pi.gov.br\/wp-content\/uploads\/2023\/05\/DSC_0157-730x487.jpg 730w, https:\/\/www.pi.gov.br\/wp-content\/uploads\/2023\/05\/DSC_0157-1070x713.jpg 1070w, https:\/\/www.pi.gov.br\/wp-content\/uploads\/2023\/05\/DSC_0157-768x512.jpg 768w, https:\/\/www.pi.gov.br\/wp-content\/uploads\/2023\/05\/DSC_0157-391x260.jpg 391w, https:\/\/www.pi.gov.br\/wp-content\/uploads\/2023\/05\/DSC_0157-1536x1024.jpg 1536w, https:\/\/www.pi.gov.br\/wp-content\/uploads\/2023\/05\/DSC_0157-2048x1365.jpg 2048w\" sizes=\"auto, (max-width: 599px) 100vw, 599px\"\/><\/p>\n<p><img decoding=\"async\" loading=\"lazy\" class=\" wp-image-89395 aligncenter\" src=\"https:\/\/www.pi.gov.br\/wp-content\/uploads\/2023\/05\/DSC_0143-730x487.jpg\" alt=\"\" width=\"584\" height=\"390\" srcset=\"https:\/\/www.pi.gov.br\/wp-content\/uploads\/2023\/05\/DSC_0143-730x487.jpg 730w, https:\/\/www.pi.gov.br\/wp-content\/uploads\/2023\/05\/DSC_0143-1070x713.jpg 1070w, https:\/\/www.pi.gov.br\/wp-content\/uploads\/2023\/05\/DSC_0143-768x512.jpg 768w, https:\/\/www.pi.gov.br\/wp-content\/uploads\/2023\/05\/DSC_0143-391x260.jpg 391w, https:\/\/www.pi.gov.br\/wp-content\/uploads\/2023\/05\/DSC_0143-1536x1024.jpg 1536w, https:\/\/www.pi.gov.br\/wp-content\/uploads\/2023\/05\/DSC_0143-2048x1365.jpg 2048w\" sizes=\"auto, (max-width: 584px) 100vw, 584px\"\/><\/p>\n<p>Fonte: SASC<\/p>\n<\/p><\/div>\n<p><script async=\"\" defer=\"\" crossorigin=\"anonymous\" src=\"https:\/\/connect.facebook.net\/pt_BR\/sdk.js#xfbml=1&#038;version=v3.3\"><\/script><br \/>\n<br \/>[ad_2]<\/p>\n","protected":false},"excerpt":{"rendered":"<p>[ad_1] A secret\u00e1ria da Assist\u00eancia Social, Trabalho e Direitos Humanos, Regina Sousa, assinou Acordo de Coopera\u00e7\u00e3o T\u00e9cnica celebrado com o Instituto Federal de Educa\u00e7\u00e3o, Ci\u00eancia e Tecnologia do Piau\u00ed (IFPI),&hellip; <\/p>\n","protected":false},"author":1,"featured_media":55457,"comment_status":"open","ping_status":"open","sticky":false,"template":"","format":"standard","meta":{"footnotes":""},"categories":[938],"tags":[],"class_list":["post-55456","post","type-post","status-publish","format-standard","has-post-thumbnail","hentry","category-governador"],"_links":{"self":[{"href":"https:\/\/mpiaui.com.br\/antigo\/index.php?rest_route=\/wp\/v2\/posts\/55456","targetHints":{"allow":["GET"]}}],"collection":[{"href":"https:\/\/mpiaui.com.br\/antigo\/index.php?rest_route=\/wp\/v2\/posts"}],"about":[{"href":"https:\/\/mpiaui.com.br\/antigo\/index.php?rest_route=\/wp\/v2\/types\/post"}],"author":[{"embeddable":true,"href":"https:\/\/mpiaui.com.br\/antigo\/index.php?rest_route=\/wp\/v2\/users\/1"}],"replies":[{"embeddable":true,"href":"https:\/\/mpiaui.com.br\/antigo\/index.php?rest_route=%2Fwp%2Fv2%2Fcomments&post=55456"}],"version-history":[{"count":0,"href":"https:\/\/mpiaui.com.br\/antigo\/index.php?rest_route=\/wp\/v2\/posts\/55456\/revisions"}],"wp:featuredmedia":[{"embeddable":true,"href":"https:\/\/mpiaui.com.br\/antigo\/index.php?rest_route=\/wp\/v2\/media\/55457"}],"wp:attachment":[{"href":"https:\/\/mpiaui.com.br\/antigo\/index.php?rest_route=%2Fwp%2Fv2%2Fmedia&parent=55456"}],"wp:term":[{"taxonomy":"category","embeddable":true,"href":"https:\/\/mpiaui.com.br\/antigo\/index.php?rest_route=%2Fwp%2Fv2%2Fcategories&post=55456"},{"taxonomy":"post_tag","embeddable":true,"href":"https:\/\/mpiaui.com.br\/antigo\/index.php?rest_route=%2Fwp%2Fv2%2Ftags&post=55456"}],"curies":[{"name":"wp","href":"https:\/\/api.w.org\/{rel}","templated":true}]}}