{"id":55460,"date":"2023-05-19T16:01:12","date_gmt":"2023-05-19T19:01:12","guid":{"rendered":"https:\/\/mpiaui.com.br\/oeiras-recebe-unidade-movel-para-realizacao-de-exames-de-mamografia-a-partir-de-quarta-24\/"},"modified":"2023-05-19T16:01:12","modified_gmt":"2023-05-19T19:01:12","slug":"oeiras-recebe-unidade-movel-para-realizacao-de-exames-de-mamografia-a-partir-de-quarta-24","status":"publish","type":"post","link":"https:\/\/mpiaui.com.br\/antigo\/?p=55460","title":{"rendered":"Oeiras recebe unidade m\u00f3vel para realiza\u00e7\u00e3o de exames de mamografia a partir de quarta (24)"},"content":{"rendered":"<p><\/p>\n<div>\n<p>Ampliando o rastreamento e o diagn\u00f3stico precoce do c\u00e2ncer de mama, a Prefeitura de Oeiras, atrav\u00e9s da Secretaria Municipal de Sa\u00fade, em parceria com a Secretaria da Sa\u00fade do Governo do Estado, disponibilizar\u00e1 a partir da pr\u00f3xima quarta-feira, 24 de maio, uma unidade m\u00f3vel para realiza\u00e7\u00e3o de exames de mamografia.<\/p>\n<p><a href=\"http:\/\/oeiras.pi.gov.br\/wp-content\/uploads\/2023\/05\/CARRETA-MAMOGRAFIA.png\"><img loading=\"lazy\" decoding=\"async\" class=\"alignnone size-full wp-image-33595\" src=\"http:\/\/oeiras.pi.gov.br\/wp-content\/uploads\/2023\/05\/CARRETA-MAMOGRAFIA.png\" alt=\"\" width=\"1080\" height=\"1080\" srcset=\"https:\/\/oeiras.pi.gov.br\/wp-content\/uploads\/2023\/05\/CARRETA-MAMOGRAFIA.png 1080w, https:\/\/oeiras.pi.gov.br\/wp-content\/uploads\/2023\/05\/CARRETA-MAMOGRAFIA-150x150.png 150w, https:\/\/oeiras.pi.gov.br\/wp-content\/uploads\/2023\/05\/CARRETA-MAMOGRAFIA-300x300.png 300w, https:\/\/oeiras.pi.gov.br\/wp-content\/uploads\/2023\/05\/CARRETA-MAMOGRAFIA-768x768.png 768w, https:\/\/oeiras.pi.gov.br\/wp-content\/uploads\/2023\/05\/CARRETA-MAMOGRAFIA-1024x1024.png 1024w, https:\/\/oeiras.pi.gov.br\/wp-content\/uploads\/2023\/05\/CARRETA-MAMOGRAFIA-696x696.png 696w, https:\/\/oeiras.pi.gov.br\/wp-content\/uploads\/2023\/05\/CARRETA-MAMOGRAFIA-1068x1068.png 1068w, https:\/\/oeiras.pi.gov.br\/wp-content\/uploads\/2023\/05\/CARRETA-MAMOGRAFIA-420x420.png 420w\" sizes=\"auto, (max-width: 1080px) 100vw, 1080px\"\/><\/a><\/p>\n<p>As mulheres oeirenses de 40 a 69 anos de idade s\u00e3o o p\u00fablico-alvo da a\u00e7\u00e3o, que reflete o compromisso da gest\u00e3o municipal com a promo\u00e7\u00e3o e o fortalecimento das pol\u00edticas p\u00fablicas de aten\u00e7\u00e3o \u00e0 sa\u00fade da mulher.<\/p>\n<p>A Carreta da Mamografia ser\u00e1 instalada no Mercado Municipal Dona Lili e ficar\u00e1 em Oeiras at\u00e9 o dia 10 de junho, atendendo o p\u00fablico nos turnos manh\u00e3 e tarde, com direcionamento das equipes de sa\u00fade da Aten\u00e7\u00e3o B\u00e1sica. O objetivo do munic\u00edpio \u00e9 aumentar o diagn\u00f3stico precoce, o que eleva as chances de cura do c\u00e2ncer em at\u00e9 95% dos casos.<\/p>\n<\/p><\/div>\n","protected":false},"excerpt":{"rendered":"<p>Ampliando o rastreamento e o diagn\u00f3stico precoce do c\u00e2ncer de mama, a Prefeitura de Oeiras, atrav\u00e9s da Secretaria Municipal de Sa\u00fade, em parceria com a Secretaria da Sa\u00fade do Governo&hellip; <\/p>\n","protected":false},"author":1,"featured_media":55461,"comment_status":"open","ping_status":"open","sticky":false,"template":"","format":"standard","meta":{"footnotes":""},"categories":[52],"tags":[],"class_list":["post-55460","post","type-post","status-publish","format-standard","has-post-thumbnail","hentry","category-oeiras"],"_links":{"self":[{"href":"https:\/\/mpiaui.com.br\/antigo\/index.php?rest_route=\/wp\/v2\/posts\/55460","targetHints":{"allow":["GET"]}}],"collection":[{"href":"https:\/\/mpiaui.com.br\/antigo\/index.php?rest_route=\/wp\/v2\/posts"}],"about":[{"href":"https:\/\/mpiaui.com.br\/antigo\/index.php?rest_route=\/wp\/v2\/types\/post"}],"author":[{"embeddable":true,"href":"https:\/\/mpiaui.com.br\/antigo\/index.php?rest_route=\/wp\/v2\/users\/1"}],"replies":[{"embeddable":true,"href":"https:\/\/mpiaui.com.br\/antigo\/index.php?rest_route=%2Fwp%2Fv2%2Fcomments&post=55460"}],"version-history":[{"count":0,"href":"https:\/\/mpiaui.com.br\/antigo\/index.php?rest_route=\/wp\/v2\/posts\/55460\/revisions"}],"wp:featuredmedia":[{"embeddable":true,"href":"https:\/\/mpiaui.com.br\/antigo\/index.php?rest_route=\/wp\/v2\/media\/55461"}],"wp:attachment":[{"href":"https:\/\/mpiaui.com.br\/antigo\/index.php?rest_route=%2Fwp%2Fv2%2Fmedia&parent=55460"}],"wp:term":[{"taxonomy":"category","embeddable":true,"href":"https:\/\/mpiaui.com.br\/antigo\/index.php?rest_route=%2Fwp%2Fv2%2Fcategories&post=55460"},{"taxonomy":"post_tag","embeddable":true,"href":"https:\/\/mpiaui.com.br\/antigo\/index.php?rest_route=%2Fwp%2Fv2%2Ftags&post=55460"}],"curies":[{"name":"wp","href":"https:\/\/api.w.org\/{rel}","templated":true}]}}