{"id":55466,"date":"2023-05-19T16:42:37","date_gmt":"2023-05-19T19:42:37","guid":{"rendered":"https:\/\/mpiaui.com.br\/sessao-solene-com-entrega-de-medalhas-marca-o-encerramento-da-semana-nacional-da-defensoria-publica\/"},"modified":"2023-05-19T16:42:37","modified_gmt":"2023-05-19T19:42:37","slug":"sessao-solene-com-entrega-de-medalhas-marca-o-encerramento-da-semana-nacional-da-defensoria-publica","status":"publish","type":"post","link":"https:\/\/mpiaui.com.br\/antigo\/?p=55466","title":{"rendered":"Sess\u00e3o solene com entrega de medalhas marca o encerramento da Semana Nacional da Defensoria P\u00fablica"},"content":{"rendered":"<p> [ad_1]<br \/>\n<\/p>\n<div>\n<p>A emo\u00e7\u00e3o marcou a entrega de Medalhas do M\u00e9rito Defensorial \u00e0s pessoas que realizam relevantes servi\u00e7os, tanto no \u00e2mbito da Defensoria P\u00fablica como em rela\u00e7\u00e3o ao p\u00fablico assistido pela Institui\u00e7\u00e3o, durante\u00a0 sess\u00e3o solene do Conselho Superior, ocorrida na manh\u00e3 desta sexta-feira (19), marcando o encerramento da Semana Nacional da Defensoria P\u00fablica, que neste ano \u00e9 voltada para a pessoa com defici\u00eancia.<\/p>\n<p>A sess\u00e3o solene, conduzida pela presidente do Conselho Superior e defensora p\u00fablica geral, Carla Y\u00e1scar Bento Feitosa Belchior, foi realizada no Audit\u00f3rio Esperan\u00e7a Garcia, no edif\u00edcio-sede da Defensoria P\u00fablica em Teresina.<\/p>\n<p>Receberam a medalha do M\u00e9rito Defensorial na Categoria Profissional os defensores p\u00fablicos, Francisco de Jesus Barbosa, corregedor-geral da Defensoria; D\u00e1rcio Rufino de Holanda, titular da 1\u00aa Defensoria P\u00fablica do Tribunal do J\u00fari; e Lia Medeiros do Carmo Ivo, coordenadora do N\u00facleo de Defesa da Mulher em Situa\u00e7\u00e3o de Viol\u00eancia Dom\u00e9stica e Familiar da DPE-PI. Tamb\u00e9m receberam a Medalha\u00a0 o servidor Eduardo Oliveira Castro, que \u00e9 coordenador do Plant\u00e3o Defensorial; L\u00edvio C\u00e9sar de Carvalho Maia, que integra os quadros da Defensoria Itinerante, e Roberta Mayra da Silveira Ponte, assessora jur\u00eddica da 5\u00aa Defensoria Criminal.<\/p>\n<p><img decoding=\"async\" loading=\"lazy\" class=\"size-medium wp-image-89408 aligncenter\" src=\"https:\/\/www.pi.gov.br\/wp-content\/uploads\/2023\/05\/sol-730x486.jpg\" alt=\"\" width=\"730\" height=\"486\" srcset=\"https:\/\/www.pi.gov.br\/wp-content\/uploads\/2023\/05\/sol-730x486.jpg 730w, https:\/\/www.pi.gov.br\/wp-content\/uploads\/2023\/05\/sol-1070x713.jpg 1070w, https:\/\/www.pi.gov.br\/wp-content\/uploads\/2023\/05\/sol-768x512.jpg 768w, https:\/\/www.pi.gov.br\/wp-content\/uploads\/2023\/05\/sol-391x260.jpg 391w, https:\/\/www.pi.gov.br\/wp-content\/uploads\/2023\/05\/sol-1536x1023.jpg 1536w, https:\/\/www.pi.gov.br\/wp-content\/uploads\/2023\/05\/sol.jpg 1600w\" sizes=\"auto, (max-width: 730px) 100vw, 730px\"\/><\/p>\n<p>Na categoria Honor\u00edfica a medalha foi concedida \u00e0 superintendente da Igualdade Racial e Povos Origin\u00e1rios do Governo do Estado do Piau\u00ed, Maria Assun\u00e7\u00e3o de Sousa Aguiar; \u00e0 promotora de Justi\u00e7a\u00a0 Joselisse Nunes de Carvalho Costa; \u00e0 assistente social do Hospital Areolino de Abreu, Francisca Maria Soares; e\u00a0 in memoriam, \u00e0 professora Maria Sueli Rodrigues de Sousa, representada por sua filha, Lorena Rodrigues de Sousa Silva.<\/p>\n<p>As pessoas homenageadas foram un\u00e2nimes em destacar em suas falas a emo\u00e7\u00e3o do momento, assim como o papel\u00a0 que a Defensoria P\u00fablica tem desempenhado em suas trajet\u00f3rias profissionais e de vida, al\u00e9m do senso de direitos humanos inerente a cada pessoa que integra a Institui\u00e7\u00e3o. \u201cA Defensoria P\u00fablica n\u00e3o s\u00f3 \u00e9 meu perfil profissional,\u00a0 mas faz parte de quem eu sou\u201d, disse Lia Medeiros, ao destacar seu trabalho junto ao N\u00facleo de Defesa da Mulher. \u201cEntrego essa medalha a todas as pessoas que foram v\u00edtimas de explora\u00e7\u00e3o, por conta das hierarquias e das opress\u00f5es naturalizadas desse pa\u00eds\u201d, destacou o D\u00e1rcio Rufino de Holanda em um discurso emocionante.\u00a0 \u201cHoje, todos n\u00f3s que fazemos esta Institui\u00e7\u00e3o estamos de parab\u00e9ns\u201d, resumiu Eduardo Castro ao destacar os servi\u00e7os desempenhados na Defensoria. \u201cSomente a Defensoria P\u00fablica det\u00e9m com exclusividade a fun\u00e7\u00e3o de defender juridicamente e\u00a0 de orientar,\u00a0 em todos os graus, os necessitados\u201d, acrescentou o corregedor-geral da DPE-PI, Francisco de Jesus Barbosa. <img decoding=\"async\" loading=\"lazy\" class=\"size-medium wp-image-89410 aligncenter\" src=\"https:\/\/www.pi.gov.br\/wp-content\/uploads\/2023\/05\/solenidade3-730x486.jpg\" alt=\"\" width=\"730\" height=\"486\" srcset=\"https:\/\/www.pi.gov.br\/wp-content\/uploads\/2023\/05\/solenidade3-730x486.jpg 730w, https:\/\/www.pi.gov.br\/wp-content\/uploads\/2023\/05\/solenidade3-1070x713.jpg 1070w, https:\/\/www.pi.gov.br\/wp-content\/uploads\/2023\/05\/solenidade3-768x512.jpg 768w, https:\/\/www.pi.gov.br\/wp-content\/uploads\/2023\/05\/solenidade3-391x260.jpg 391w, https:\/\/www.pi.gov.br\/wp-content\/uploads\/2023\/05\/solenidade3-1536x1023.jpg 1536w, https:\/\/www.pi.gov.br\/wp-content\/uploads\/2023\/05\/solenidade3.jpg 1600w\" sizes=\"auto, (max-width: 730px) 100vw, 730px\"\/><\/p>\n<p>As homenageadas Francisca Maria Soares e Assun\u00e7\u00e3o Aguiar, tamb\u00e9m destacaram a relev\u00e2ncia da Defensoria P\u00fablica. \u201cA Defensoria dentro do Hospital Areolino de Abreu \u00e9 um motivo de grande alegria, que compartilhamos\u201d, falou a assistente social Francisca Soares, ao se referir \u00e0s a\u00e7\u00f5es do Projeto Mente Cidad\u00e3 desenvolvidas junto aos internos do hospital e seus familiares. \u201c\u00c9 com muita alegria que nesta manh\u00e3 estou aqui. Essa medalha,\u00a0 que neste momento recebo,\u00a0 \u00e9 pensando no tamanho do valor da Defensoria. Voc\u00eas s\u00e3o muito importantes para as pessoas que n\u00e3o tem voz nem vez nas comunidades\u201d, destacou a superintendente da Igualdade Racial e Povos Origin\u00e1rios do Governo do Estado do Piau\u00ed, Assun\u00e7\u00e3o Aguiar.<\/p>\n<p>O presidente da Associa\u00e7\u00e3o Piauiense de Defensoras e Defensores P\u00fablicos, Jeiko Leal Melo Hohmann Britto, falou sobre o momento solene, bem como conclamou a todas as defensoras e a todos os defensores trabalharem cada vez mais pelo fortalecimento da institui\u00e7\u00e3o. Na oportunidade, o presidente da Apidep, que \u00e9 parceira da gest\u00e3o na realiza\u00e7\u00e3o da Semana Nacional,\u00a0 homenageou o defensor p\u00fablico Erisvaldo Marques dos Reis que foi defensor p\u00fablico geral pelos bi\u00eanios 2019\/2021 e 2021\/2023. \u201cConclamamos aqui a sobriedade deste nosso dileto colega, para que possamos reconstruir la\u00e7os de algo em conjunto nessa Casa, nessa institui\u00e7\u00e3o, que s\u00f3 tem e s\u00f3 merece crescer apesar de todas as dificuldades no seu caminho\u201d, disse.<\/p>\n<p>A presidenta do Conselho Superior e defensora p\u00fablica geral, Carla Y\u00e1scar Belchior, ressaltou o momento, voltado tamb\u00e9m para comemorar o Dia da Defensoria P\u00fablica, que transcorre em 19 de maio. \u201c\u00c9 um enorme prazer para n\u00f3s, que integramos a Defensoria P\u00fablica, estarmos aqui nesta manh\u00e3.\u00a0 Hoje \u00e9 dia da Defensora, do Defensor e da Defensoria P\u00fablica, de todas n\u00f3s e de todos n\u00f3s que fazemos a Defensoria. Externo aqui minha homenagem, reconhecimento e abra\u00e7o \u00e0s mais de 700 pessoas que comp\u00f5em a Defensoria P\u00fablica do Estado do Piau\u00ed e, como j\u00e1 t\u00e3o simbolizado aqui nas manifesta\u00e7\u00f5es das homenageadas e dos homenageados, constroem uma Institui\u00e7\u00e3o constitucionalmente voltada para a defesa e promo\u00e7\u00e3o dos direitos humanos com tanto afinco,\u00a0 compromisso e dedica\u00e7\u00e3o. Registro o meu agradecimento a todas e todos pelo trabalho abnegado, comprometido com a Defensoria, com nossas assistidas e com nossos assistidos. Parabenizo a todos e todas que foram agraciados. Foi uma solenidade especial, com falas especiais, cada uma refletindo a ess\u00eancia da Defensoria, e que hoje tiveram seu m\u00e9rito reconhecido pelo Conselho Superior, e por todos n\u00f3s que fazemos a Defensoria P\u00fablica do Piau\u00ed\u201d, finalizou Carla Y\u00e1scar.<\/p>\n<\/p><\/div>\n<p><script async=\"\" defer=\"\" crossorigin=\"anonymous\" src=\"https:\/\/connect.facebook.net\/pt_BR\/sdk.js#xfbml=1&#038;version=v3.3\"><\/script><br \/>\n<br \/>[ad_2]<\/p>\n","protected":false},"excerpt":{"rendered":"<p>[ad_1] A emo\u00e7\u00e3o marcou a entrega de Medalhas do M\u00e9rito Defensorial \u00e0s pessoas que realizam relevantes servi\u00e7os, tanto no \u00e2mbito da Defensoria P\u00fablica como em rela\u00e7\u00e3o ao p\u00fablico assistido pela&hellip; <\/p>\n","protected":false},"author":1,"featured_media":55467,"comment_status":"open","ping_status":"open","sticky":false,"template":"","format":"standard","meta":{"footnotes":""},"categories":[938],"tags":[],"class_list":["post-55466","post","type-post","status-publish","format-standard","has-post-thumbnail","hentry","category-governador"],"_links":{"self":[{"href":"https:\/\/mpiaui.com.br\/antigo\/index.php?rest_route=\/wp\/v2\/posts\/55466","targetHints":{"allow":["GET"]}}],"collection":[{"href":"https:\/\/mpiaui.com.br\/antigo\/index.php?rest_route=\/wp\/v2\/posts"}],"about":[{"href":"https:\/\/mpiaui.com.br\/antigo\/index.php?rest_route=\/wp\/v2\/types\/post"}],"author":[{"embeddable":true,"href":"https:\/\/mpiaui.com.br\/antigo\/index.php?rest_route=\/wp\/v2\/users\/1"}],"replies":[{"embeddable":true,"href":"https:\/\/mpiaui.com.br\/antigo\/index.php?rest_route=%2Fwp%2Fv2%2Fcomments&post=55466"}],"version-history":[{"count":0,"href":"https:\/\/mpiaui.com.br\/antigo\/index.php?rest_route=\/wp\/v2\/posts\/55466\/revisions"}],"wp:featuredmedia":[{"embeddable":true,"href":"https:\/\/mpiaui.com.br\/antigo\/index.php?rest_route=\/wp\/v2\/media\/55467"}],"wp:attachment":[{"href":"https:\/\/mpiaui.com.br\/antigo\/index.php?rest_route=%2Fwp%2Fv2%2Fmedia&parent=55466"}],"wp:term":[{"taxonomy":"category","embeddable":true,"href":"https:\/\/mpiaui.com.br\/antigo\/index.php?rest_route=%2Fwp%2Fv2%2Fcategories&post=55466"},{"taxonomy":"post_tag","embeddable":true,"href":"https:\/\/mpiaui.com.br\/antigo\/index.php?rest_route=%2Fwp%2Fv2%2Ftags&post=55466"}],"curies":[{"name":"wp","href":"https:\/\/api.w.org\/{rel}","templated":true}]}}