{"id":55472,"date":"2023-05-19T18:12:34","date_gmt":"2023-05-19T21:12:34","guid":{"rendered":"https:\/\/mpiaui.com.br\/obras-de-esgotamento-sanitario-avancam-nos-bairros-de-teresina\/"},"modified":"2023-05-19T18:12:34","modified_gmt":"2023-05-19T21:12:34","slug":"obras-de-esgotamento-sanitario-avancam-nos-bairros-de-teresina","status":"publish","type":"post","link":"https:\/\/mpiaui.com.br\/antigo\/?p=55472","title":{"rendered":"Obras de esgotamento sanit\u00e1rio avan\u00e7am nos bairros de Teresina"},"content":{"rendered":"<p> [ad_1]<br \/>\n<\/p>\n<div>\n<p>A \u00c1guas de Teresina avan\u00e7a com as obras de esgotamento sanit\u00e1rio visando ampliar a cobertura de coleta e tratamento da zona urbana para 59% at\u00e9 o final do pr\u00f3ximo ano. J\u00e1 h\u00e1 canteiros na Avenida Centen\u00e1rio e nos bairros Cabral, Pi\u00e7arra, Vale do Gavi\u00e3o, Itarar\u00e9 e Piraj\u00e1. Ao todo, ser\u00e3o investidos R$ 300 milh\u00f5es para beneficiar moradores de 27 bairros com muito mais sa\u00fade, qualidade de vida e preserva\u00e7\u00e3o ambiental.<\/p>\n<p>Em paralelo, a concession\u00e1ria realiza visitas porta a porta com agentes socioambientais que desenvolvem um trabalho educativo junto \u00e0 popula\u00e7\u00e3o. Na oportunidade, os colaboradores da \u00c1guas de Teresina conversam com moradores sobre a import\u00e2ncia das obras e os benef\u00edcios do saneamento para a redu\u00e7\u00e3o de doen\u00e7as de veicula\u00e7\u00e3o h\u00eddrica. Na semana de 22 a 26 de maio, a equipe visitar\u00e1 resid\u00eancias no bairro Centro.<\/p>\n<p>Estudos da Organiza\u00e7\u00e3o das Na\u00e7\u00f5es Unidas (ONU) indicam que 10% das doen\u00e7as registradas ao redor do mundo poderiam ser evitadas com investimentos em saneamento b\u00e1sico. O diretor executivo da \u00c1guas de Teresina, Renee Chaveiro, destaca que esse \u00e9 o maior pacote de investimentos em esgotamento sanit\u00e1rio da cidade de Teresina. \u201cAo final das obras, mais de 480 mil pessoas ser\u00e3o atendidas com o servi\u00e7o de coleta e tratamento do esgoto\u201d, destaca.<\/p>\n<p><img decoding=\"async\" loading=\"lazy\" class=\"size-medium wp-image-89413 aligncenter\" src=\"https:\/\/www.pi.gov.br\/wp-content\/uploads\/2023\/05\/WhatsApp-Image-2023-05-19-at-17.01.52-730x548.jpeg\" alt=\"\" width=\"730\" height=\"548\" srcset=\"https:\/\/www.pi.gov.br\/wp-content\/uploads\/2023\/05\/WhatsApp-Image-2023-05-19-at-17.01.52-730x548.jpeg 730w, https:\/\/www.pi.gov.br\/wp-content\/uploads\/2023\/05\/WhatsApp-Image-2023-05-19-at-17.01.52-768x576.jpeg 768w, https:\/\/www.pi.gov.br\/wp-content\/uploads\/2023\/05\/WhatsApp-Image-2023-05-19-at-17.01.52.jpeg 1024w\" sizes=\"auto, (max-width: 730px) 100vw, 730px\"\/><\/p>\n<p><strong>Detalhamento das obras<\/strong><br \/>O pacote de investimentos da \u00c1guas de Teresina ter\u00e1 forte impacto na sa\u00fade p\u00fablica da capital e envolve a implanta\u00e7\u00e3o de 220 km de rede coletora de esgoto; 3,3 km de interceptores; 23 novas Esta\u00e7\u00f5es Elevat\u00f3rias de Esgoto e 7,1 km de linhas de recalque. Al\u00e9m disso, a Esta\u00e7\u00e3o de Tratamento de Esgoto \u2013 ETE Piraj\u00e1 ter\u00e1 sua capacidade ampliada, passando de 150 l\/s para 260 l\/s. \u201cAs obras ser\u00e3o realizadas em etapas para minimizar os impactos na mobilidade urbana. O objetivo \u00e9 transformar o saneamento da capital,\u201d refor\u00e7a Renee Chaveiro.<\/p>\n<\/p><\/div>\n<p><script async=\"\" defer=\"\" crossorigin=\"anonymous\" src=\"https:\/\/connect.facebook.net\/pt_BR\/sdk.js#xfbml=1&#038;version=v3.3\"><\/script><br \/>\n<br \/>[ad_2]<\/p>\n","protected":false},"excerpt":{"rendered":"<p>[ad_1] A \u00c1guas de Teresina avan\u00e7a com as obras de esgotamento sanit\u00e1rio visando ampliar a cobertura de coleta e tratamento da zona urbana para 59% at\u00e9 o final do pr\u00f3ximo&hellip; <\/p>\n","protected":false},"author":1,"featured_media":55473,"comment_status":"open","ping_status":"open","sticky":false,"template":"","format":"standard","meta":{"footnotes":""},"categories":[938],"tags":[],"class_list":["post-55472","post","type-post","status-publish","format-standard","has-post-thumbnail","hentry","category-governador"],"_links":{"self":[{"href":"https:\/\/mpiaui.com.br\/antigo\/index.php?rest_route=\/wp\/v2\/posts\/55472","targetHints":{"allow":["GET"]}}],"collection":[{"href":"https:\/\/mpiaui.com.br\/antigo\/index.php?rest_route=\/wp\/v2\/posts"}],"about":[{"href":"https:\/\/mpiaui.com.br\/antigo\/index.php?rest_route=\/wp\/v2\/types\/post"}],"author":[{"embeddable":true,"href":"https:\/\/mpiaui.com.br\/antigo\/index.php?rest_route=\/wp\/v2\/users\/1"}],"replies":[{"embeddable":true,"href":"https:\/\/mpiaui.com.br\/antigo\/index.php?rest_route=%2Fwp%2Fv2%2Fcomments&post=55472"}],"version-history":[{"count":0,"href":"https:\/\/mpiaui.com.br\/antigo\/index.php?rest_route=\/wp\/v2\/posts\/55472\/revisions"}],"wp:featuredmedia":[{"embeddable":true,"href":"https:\/\/mpiaui.com.br\/antigo\/index.php?rest_route=\/wp\/v2\/media\/55473"}],"wp:attachment":[{"href":"https:\/\/mpiaui.com.br\/antigo\/index.php?rest_route=%2Fwp%2Fv2%2Fmedia&parent=55472"}],"wp:term":[{"taxonomy":"category","embeddable":true,"href":"https:\/\/mpiaui.com.br\/antigo\/index.php?rest_route=%2Fwp%2Fv2%2Fcategories&post=55472"},{"taxonomy":"post_tag","embeddable":true,"href":"https:\/\/mpiaui.com.br\/antigo\/index.php?rest_route=%2Fwp%2Fv2%2Ftags&post=55472"}],"curies":[{"name":"wp","href":"https:\/\/api.w.org\/{rel}","templated":true}]}}