{"id":55474,"date":"2023-05-19T19:40:48","date_gmt":"2023-05-19T22:40:48","guid":{"rendered":"https:\/\/mpiaui.com.br\/gp-teresina-de-ciclismo-distribuira-r-25-mil-e-disputas-prometem-velocidade-e-estrategia\/"},"modified":"2023-05-19T19:40:48","modified_gmt":"2023-05-19T22:40:48","slug":"gp-teresina-de-ciclismo-distribuira-r-25-mil-e-disputas-prometem-velocidade-e-estrategia","status":"publish","type":"post","link":"https:\/\/mpiaui.com.br\/antigo\/?p=55474","title":{"rendered":"GP Teresina de Ciclismo distribuir\u00e1 R$ 25 mil e disputas prometem velocidade e estrat\u00e9gia"},"content":{"rendered":"<p> [ad_1]<br \/>\n<\/p>\n<div>\n<p>Os organizadores do GP Teresina de Ciclismo garantem pelo terceiro ano a premia\u00e7\u00e3o em trof\u00e9us e tamb\u00e9m em dinheiro, de R$ 20 mil e mais R$ 5 mil em brindes, como recompensa pelo esfor\u00e7o dos atletas inscritos nas tr\u00eas provas, que abrem oficialmente a temporada oficial de ciclismo de estrada da Federa\u00e7\u00e3o de Ciclismo do Piau\u00ed \u2013 FCP. O GP acontecera nos pr\u00f3ximos dias 26 a 28 de maio, em ruas e avenidas de Teresina, com concentra\u00e7\u00e3o e arena no Complexo Tur\u00edstico da Ponte Estaiada. Ser\u00e3o tr\u00eas disciplinas valendo ranking nacional e tamb\u00e9m estadual: Contrarrel\u00f3gio Individual (CRI), Circuito, ambas no s\u00e1b ado (27) e a disciplina Resist\u00eancia, no domingo (28).<\/p>\n<p>O presidente da FCP, Fernando Correia Lima, disse que a prova seguir\u00e1 os padr\u00f5es de provas oficiais da Confedera\u00e7\u00e3o Brasileira de Ciclismo \u2013 CBC, com regras que seguem o regulamento nacional, j\u00e1 que vale pontos importantes no ranking nacional (na classe 2 B), para os atletas que est\u00e3o buscando t\u00edtulo de campe\u00f5es brasileiros por ranking. No campeonato estadual, o GP Teresina de Ciclismo tamb\u00e9m \u00e9 a prova que oferece a maior pontua\u00e7\u00e3o, com 150 pontos.<\/p>\n<p><img decoding=\"async\" loading=\"lazy\" class=\"size-medium wp-image-89417 aligncenter\" src=\"https:\/\/www.pi.gov.br\/wp-content\/uploads\/2023\/05\/gpteresina-730x484.jpg\" alt=\"\" width=\"730\" height=\"484\" srcset=\"https:\/\/www.pi.gov.br\/wp-content\/uploads\/2023\/05\/gpteresina-730x484.jpg 730w, https:\/\/www.pi.gov.br\/wp-content\/uploads\/2023\/05\/gpteresina-1070x710.jpg 1070w, https:\/\/www.pi.gov.br\/wp-content\/uploads\/2023\/05\/gpteresina-768x510.jpg 768w, https:\/\/www.pi.gov.br\/wp-content\/uploads\/2023\/05\/gpteresina-391x260.jpg 391w, https:\/\/www.pi.gov.br\/wp-content\/uploads\/2023\/05\/gpteresina-1536x1019.jpg 1536w, https:\/\/www.pi.gov.br\/wp-content\/uploads\/2023\/05\/gpteresina-2048x1359.jpg 2048w\" sizes=\"auto, (max-width: 730px) 100vw, 730px\"\/><\/p>\n<p><strong>Caracter\u00edsticas<\/strong><\/p>\n<p>Conforme o regulamento, na disciplina CRI, a primeira competi\u00e7\u00e3o do s\u00e1bado, que come\u00e7a a largar \u00e0s 6h30 da matina, os atletas largar\u00e3o de individualmente de 40 em 40 segundos, numa prova marcada por muita velocidade, na qual o atleta compete contra ele pr\u00f3prio e um percurso de 2 voltas, que totaliza seis (06) quil\u00f4metros, em circuito na Av. Raul Lopes. A disciplina Circuito \u00e9 tamb\u00e9m uma disputa de velocidade, com estrat\u00e9gias de equipe, com tempo de prova de 45 minutos para cada bateria, na qual largam pelot\u00f5es por categoria. A competi\u00e7\u00e3o ser\u00e1 encerrada por voltada de 12h30. Os atletas ter\u00e3o o descanso para retornar em a competi\u00e7\u00e3o na manh\u00e3 seguinte.<\/p>\n<p>No domingo, a partir das 7 horas, ser\u00e1 a vez da disciplina mais longa e com maior n\u00edvel de dificuldade, tanto devido ao tempo mais longo de prova, quanto pelo percurso com maior altimetria do que a de Circuito e a CRI. Por isso, \u00e9 chamada disciplina Resist\u00eancia. O percurso \u00e9 de 5,2 km, no qual os ciclistas v\u00e3o pedalar duas baterias de 1 hora e 30 minutos cada. \u201cA altimetria m\u00e9dia acumulada para a Resist\u00eancia \u00e9 de 600 metros, com trechos de subidas e descidas, passando pela ponte estaiada, enfrentando sol e calor\u201d, disse o dirigente da FCP. A premia\u00e7\u00e3o das tr\u00eas disciplinas est\u00e1 prevista para come\u00e7ar ao meio-dia.<\/p>\n<p>O 3\u00ba GP Teresina de Ciclismo tem patroc\u00ednio da SETUR \u2013 Governo do Piau\u00ed; Co patroc\u00ednio: ETURB e SEMDEC \u2013 Prefeitura Municipal de Teresina. Apoio: Vereador Ven\u00e2ncio, Unimed Teresina; Hotel Arrey, Mountain Construtora, MR Pe\u00e7as, Evo Bikes The Auge, Volvo Lagom, Zen Bikes, Kitanda de Frutas e Zeus Fisiomov. Promo\u00e7\u00e3o: D+ Entretenimento. Coprodu\u00e7\u00e3o: X Brasil. Supervis\u00e3o: FCP e CBC. As inscri\u00e7\u00f5es continuam abertas no site da FCP: www.fcp-pi.esp.br&lt; \/span&gt;. J\u00e1 est\u00e3o inscritos mais de 150 atletas de quatro estados e do Distrito Federal.<\/p>\n<p><img decoding=\"async\" loading=\"lazy\" class=\"size-medium wp-image-89418 aligncenter\" src=\"https:\/\/www.pi.gov.br\/wp-content\/uploads\/2023\/05\/gpteresina2-730x484.jpg\" alt=\"\" width=\"730\" height=\"484\" srcset=\"https:\/\/www.pi.gov.br\/wp-content\/uploads\/2023\/05\/gpteresina2-730x484.jpg 730w, https:\/\/www.pi.gov.br\/wp-content\/uploads\/2023\/05\/gpteresina2-1070x710.jpg 1070w, https:\/\/www.pi.gov.br\/wp-content\/uploads\/2023\/05\/gpteresina2-768x510.jpg 768w, https:\/\/www.pi.gov.br\/wp-content\/uploads\/2023\/05\/gpteresina2-391x260.jpg 391w, https:\/\/www.pi.gov.br\/wp-content\/uploads\/2023\/05\/gpteresina2-1536x1019.jpg 1536w, https:\/\/www.pi.gov.br\/wp-content\/uploads\/2023\/05\/gpteresina2-2048x1359.jpg 2048w\" sizes=\"auto, (max-width: 730px) 100vw, 730px\"\/><\/p>\n<\/p><\/div>\n<p><script async=\"\" defer=\"\" crossorigin=\"anonymous\" src=\"https:\/\/connect.facebook.net\/pt_BR\/sdk.js#xfbml=1&#038;version=v3.3\"><\/script><br \/>\n<br \/>[ad_2]<\/p>\n","protected":false},"excerpt":{"rendered":"<p>[ad_1] Os organizadores do GP Teresina de Ciclismo garantem pelo terceiro ano a premia\u00e7\u00e3o em trof\u00e9us e tamb\u00e9m em dinheiro, de R$ 20 mil e mais R$ 5 mil em&hellip; <\/p>\n","protected":false},"author":1,"featured_media":55475,"comment_status":"open","ping_status":"open","sticky":false,"template":"","format":"standard","meta":{"footnotes":""},"categories":[938],"tags":[],"class_list":["post-55474","post","type-post","status-publish","format-standard","has-post-thumbnail","hentry","category-governador"],"_links":{"self":[{"href":"https:\/\/mpiaui.com.br\/antigo\/index.php?rest_route=\/wp\/v2\/posts\/55474","targetHints":{"allow":["GET"]}}],"collection":[{"href":"https:\/\/mpiaui.com.br\/antigo\/index.php?rest_route=\/wp\/v2\/posts"}],"about":[{"href":"https:\/\/mpiaui.com.br\/antigo\/index.php?rest_route=\/wp\/v2\/types\/post"}],"author":[{"embeddable":true,"href":"https:\/\/mpiaui.com.br\/antigo\/index.php?rest_route=\/wp\/v2\/users\/1"}],"replies":[{"embeddable":true,"href":"https:\/\/mpiaui.com.br\/antigo\/index.php?rest_route=%2Fwp%2Fv2%2Fcomments&post=55474"}],"version-history":[{"count":0,"href":"https:\/\/mpiaui.com.br\/antigo\/index.php?rest_route=\/wp\/v2\/posts\/55474\/revisions"}],"wp:featuredmedia":[{"embeddable":true,"href":"https:\/\/mpiaui.com.br\/antigo\/index.php?rest_route=\/wp\/v2\/media\/55475"}],"wp:attachment":[{"href":"https:\/\/mpiaui.com.br\/antigo\/index.php?rest_route=%2Fwp%2Fv2%2Fmedia&parent=55474"}],"wp:term":[{"taxonomy":"category","embeddable":true,"href":"https:\/\/mpiaui.com.br\/antigo\/index.php?rest_route=%2Fwp%2Fv2%2Fcategories&post=55474"},{"taxonomy":"post_tag","embeddable":true,"href":"https:\/\/mpiaui.com.br\/antigo\/index.php?rest_route=%2Fwp%2Fv2%2Ftags&post=55474"}],"curies":[{"name":"wp","href":"https:\/\/api.w.org\/{rel}","templated":true}]}}