{"id":55481,"date":"2023-05-19T22:13:12","date_gmt":"2023-05-20T01:13:12","guid":{"rendered":"https:\/\/mpiaui.com.br\/ex-presidiaria-de-29-anos-morre-baleada-em-parnaiba\/"},"modified":"2023-05-19T22:13:12","modified_gmt":"2023-05-20T01:13:12","slug":"ex-presidiaria-de-29-anos-morre-baleada-em-parnaiba","status":"publish","type":"post","link":"https:\/\/mpiaui.com.br\/antigo\/?p=55481","title":{"rendered":"Ex-presidi\u00e1ria de 29 anos morre baleada em Parna\u00edba"},"content":{"rendered":"<p><\/p>\n<div id=\"post-body-1124144335674165292\" itemprop=\"description articleBody\">\n<div class=\"separator\" style=\"clear: both; text-align: center;\"><span style=\"font-family: verdana; margin-left: 1em; margin-right: 1em;\"><img decoding=\"async\" border=\"0\" src=\"https:\/\/blogger.googleusercontent.com\/img\/b\/R29vZ2xl\/AVvXsEhJm44j3icfltkSuesrX2jL6oPmPmdiXQ3t8iKYQu4PfNuuZabboNl_PwfRKx8uvs1IyQGPL5Ah_1XCpbCvzuhnxmWt5yO-_ckLXBdO23za6Aor-XHIUIUFc9FjEfx7gig7lwkUPsweWgqJd2nNXsWedPIluahguc6gyhqZkkOn2IZwo1WWdAW7l0o3\/w640-h414\/Sem%20t%C3%ADtulo.jpg\"\/><\/span><\/div>\n<p><span style=\"font-family: verdana;\">A ex-presidi\u00e1ria Antonia Taiane da Concei\u00e7\u00e3o Oliveira, de aproximadamente 29 anos, foi alvejada e morta por volta das 20hs de quinta-feira(18), na cal\u00e7ada de uma resid\u00eancia \u00e0 Rua Coronel Lucas, bairro Nova Parnaiba.\u00a0<\/span><span style=\"font-family: verdana;\">A informa\u00e7\u00e3o que o alvo seria outra pessoa, e acabou sobrando para ex-presidi\u00e1ria, que teve morte instant\u00e2nea na cena do crime, por conta dos disparos.\u00a0<\/span><span style=\"font-family: verdana;\">O atirador andava na garupa de uma motocicleta sem descri\u00e7\u00e3o informada.<\/span><\/p>\n<p><span style=\"font-family: verdana;\"><b>Fonte: Portal do Catita<\/b><\/span><\/p>\n<\/div>\n","protected":false},"excerpt":{"rendered":"<p>A ex-presidi\u00e1ria Antonia Taiane da Concei\u00e7\u00e3o Oliveira, de aproximadamente 29 anos, foi alvejada e morta por volta das 20hs de quinta-feira(18), na cal\u00e7ada de uma resid\u00eancia \u00e0 Rua Coronel Lucas,&hellip; <\/p>\n","protected":false},"author":1,"featured_media":55482,"comment_status":"open","ping_status":"open","sticky":false,"template":"","format":"standard","meta":{"footnotes":""},"categories":[57],"tags":[],"class_list":["post-55481","post","type-post","status-publish","format-standard","has-post-thumbnail","hentry","category-parnaiba"],"_links":{"self":[{"href":"https:\/\/mpiaui.com.br\/antigo\/index.php?rest_route=\/wp\/v2\/posts\/55481","targetHints":{"allow":["GET"]}}],"collection":[{"href":"https:\/\/mpiaui.com.br\/antigo\/index.php?rest_route=\/wp\/v2\/posts"}],"about":[{"href":"https:\/\/mpiaui.com.br\/antigo\/index.php?rest_route=\/wp\/v2\/types\/post"}],"author":[{"embeddable":true,"href":"https:\/\/mpiaui.com.br\/antigo\/index.php?rest_route=\/wp\/v2\/users\/1"}],"replies":[{"embeddable":true,"href":"https:\/\/mpiaui.com.br\/antigo\/index.php?rest_route=%2Fwp%2Fv2%2Fcomments&post=55481"}],"version-history":[{"count":0,"href":"https:\/\/mpiaui.com.br\/antigo\/index.php?rest_route=\/wp\/v2\/posts\/55481\/revisions"}],"wp:featuredmedia":[{"embeddable":true,"href":"https:\/\/mpiaui.com.br\/antigo\/index.php?rest_route=\/wp\/v2\/media\/55482"}],"wp:attachment":[{"href":"https:\/\/mpiaui.com.br\/antigo\/index.php?rest_route=%2Fwp%2Fv2%2Fmedia&parent=55481"}],"wp:term":[{"taxonomy":"category","embeddable":true,"href":"https:\/\/mpiaui.com.br\/antigo\/index.php?rest_route=%2Fwp%2Fv2%2Fcategories&post=55481"},{"taxonomy":"post_tag","embeddable":true,"href":"https:\/\/mpiaui.com.br\/antigo\/index.php?rest_route=%2Fwp%2Fv2%2Ftags&post=55481"}],"curies":[{"name":"wp","href":"https:\/\/api.w.org\/{rel}","templated":true}]}}