{"id":55490,"date":"2023-05-20T09:18:09","date_gmt":"2023-05-20T12:18:09","guid":{"rendered":"https:\/\/mpiaui.com.br\/festival-de-inverno-de-pedro-ii-cantora-duda-beat-confirma-participacao\/"},"modified":"2023-05-20T09:18:09","modified_gmt":"2023-05-20T12:18:09","slug":"festival-de-inverno-de-pedro-ii-cantora-duda-beat-confirma-participacao","status":"publish","type":"post","link":"https:\/\/mpiaui.com.br\/antigo\/?p=55490","title":{"rendered":"Festival de Inverno de Pedro II: cantora Duda Beat confirma participa\u00e7\u00e3o"},"content":{"rendered":"<div>\n<p>\n                                                <img decoding=\"async\" src=\"https:\/\/piauihoje.com\/uploads\/imagens\/546c9b7b-965f-41dd-91a4-dd0b0df20968-1684584295.jpeg\" alt=\"Cantora Duda Beat ser\u00e1 uma das atra\u00e7\u00f5es do Festival de Inverno de Pedro II\" style=\"width: 100% !important;\"\/>\n                                                <\/p>\n<p>\n                                                    <span>Cantora Duda Beat ser\u00e1 uma das atra\u00e7\u00f5es do Festival de Inverno de Pedro II<\/span><br \/>\n                                                    <span>Foto: Reprodu\u00e7\u00e3o<\/span>\n                                                <\/p>\n<p><span style=\"-webkit-text-size-adjust: 100%;\">A cantora Duda Beat ser\u00e1 uma das estrelas que v\u00e3o se apresentar no Festival de Inverno de Pedro II, marcado para acontecer entre os dias 8 e 11 de junho.\u00a0<\/span><\/p>\n<p>Na agenda do m\u00eas divulgada pela cantora, j\u00e1 est\u00e1 reservada a data de 9 de junho com a apresenta\u00e7\u00e3o no Festival de Inverno. A organiza\u00e7\u00e3o do evento, no entanto, n\u00e3o confirma nenhuma das atra\u00e7\u00f5es, que dever\u00e3o ser anunciadas nos pr\u00f3ximos dias.\u00a0<\/p>\n<p>Apelidada como \u201crainha da sofr\u00eancia pop\u201d, a cantora pernambucana Duda Beat tem se destacado na m\u00fasica Pop nacional e na chamada Nova MPB. Ela ganhou o Trof\u00e9u APCA (Associa\u00e7\u00e3o Paulista de Cr\u00edticos de Arte) na categoria revela\u00e7\u00e3o de 2018, e se apresentou no Palco Sunset na edi\u00e7\u00e3o do Rock In Rio de 2022.\u00a0<\/p>\n<p><span class=\"fr-img-caption fr-dib fr-draggable\" contenteditable=\"false\" draggable=\"false\"><span class=\"fr-img-wrap\" style=\"width: 800px;\"><img decoding=\"async\" src=\"https:\/\/piauihoje.com\/uploads\/editor\/1684584980545_ab3e357d69584129b2d4dbda7fcf4d9fed1dcd77.jpg\" style=\"width: 800px;\" class=\"fr-fil fr-dib\"\/><span class=\"fr-inner\" contenteditable=\"true\">Cantoora Duda Beat em apresenta\u00e7\u00e3o no palco do Rock In Rio (Foto: Setephanie Rodrigues\/g1)<\/span><\/span><\/span><\/p>\n<p><strong>FESTIVAL DE INVERNO DE PEDRO II<\/strong><\/p>\n<p>O evento, que vai acontecer entre os dias 8 e 11 de junho de 2023 em Pedro II est\u00e1 em fase final de ajustes da organiza\u00e7\u00e3o. O maior festival de MPB do Piau\u00ed e um dos maiores do Nordeste retorna as atividades depois de tr\u00eas anos suspenso.\u00a0<\/p>\n<p><span style=\"-webkit-text-size-adjust: 100%;\">Quem tamb\u00e9m j\u00e1 anunciou na agenda de eventos a participa\u00e7\u00e3o no festival foi o grupo\u00a0<\/span><a href=\"https:\/\/piauihoje.com\/noticias\/cultura\/festival-de-inverno-de-pedro-ii-2023-tem-primeira-atracao-divulgada-415090.html\"><span style=\"-webkit-text-size-adjust: 100%;\">Renato e seus Blue Caps<\/span><\/a><span style=\"-webkit-text-size-adjust: 100%;\">. As cantoras que comp\u00f5em a dupla AnaVit\u00f3ria, que se apresentaram em Teresina no \u00faltimo s\u00e1bado, dia 13, tamb\u00e9m informaram durante o show que estar\u00e3o nos palcos da Su\u00ed\u00e7a piauiense. A organiza\u00e7\u00e3o ainda n\u00e3o confirma a participa\u00e7\u00e3o de nenhum artista.\u00a0<\/span><\/p>\n<p><span style=\"-webkit-text-size-adjust: 100%;\">O Festival de Inverno de Pedro II foi criado em 2004, sendo realizado atrav\u00e9s de parceria entre a Prefeitura de Pedro II, o Governo do Estado e o Servi\u00e7o de Apoio \u00e0s Micro e Pequenas Empresas (Sebrae), atraindo turistas de todo o mundo, para prestigiar quatro dias de festa, com m\u00fasica, cultura, arte, ecoturismo, entre outros.<\/span><\/p>\n<p><span style=\"-webkit-text-size-adjust: 100%;\"><img decoding=\"async\" class=\"fr-dib\" src=\"https:\/\/piauihoje.com\/uploads\/editor\/1684585077507_6080ed57ae8c0aeb1dd33dcbfd515e53aace21cd.jpg\" style=\"width: 800px;\"\/><\/span><\/p>\n<p><span style=\"-webkit-text-size-adjust: 100%;\">J\u00e1 passaram pelos palcos do evento bandas locais, regionais e grandes nomes da m\u00fasica nacional, como Skank, Cidade Negra, Melim, Paralamas do Sucesso, Erasmo Carlos, Ana Carolina, Alcione, Vanessa da Mata, Fagner, entre outros. Ao todo, 16 edi\u00e7\u00f5es foram realizadas, sendo suspensa a 17\u00aa edi\u00e7\u00e3o em 2020 devido \u00e0 ado\u00e7\u00e3o de medidas de seguran\u00e7a contra a covid-19, com previs\u00e3o de retorno para 2023, ap\u00f3s a decis\u00e3o tomada entre os realizadores.<\/span><\/p>\n<p><span style=\"-webkit-text-size-adjust: 100%;\">Al\u00e9m de movimentar a cultura e atrair turistas, o Festival de Inverno impulsiona a economia da cidade, atrav\u00e9s do artesanato, gastronomia, comercializa\u00e7\u00e3o da opala e tamb\u00e9m com o ecoturismo.<\/span><\/p>\n<\/p><\/div>\n","protected":false},"excerpt":{"rendered":"<p>Cantora Duda Beat ser\u00e1 uma das atra\u00e7\u00f5es do Festival de Inverno de Pedro II Foto: Reprodu\u00e7\u00e3o A cantora Duda Beat ser\u00e1 uma das estrelas que v\u00e3o se apresentar no Festival&hellip; <\/p>\n","protected":false},"author":1,"featured_media":55491,"comment_status":"open","ping_status":"open","sticky":false,"template":"","format":"standard","meta":{"footnotes":""},"categories":[78],"tags":[],"class_list":["post-55490","post","type-post","status-publish","format-standard","has-post-thumbnail","hentry","category-teresina"],"_links":{"self":[{"href":"https:\/\/mpiaui.com.br\/antigo\/index.php?rest_route=\/wp\/v2\/posts\/55490","targetHints":{"allow":["GET"]}}],"collection":[{"href":"https:\/\/mpiaui.com.br\/antigo\/index.php?rest_route=\/wp\/v2\/posts"}],"about":[{"href":"https:\/\/mpiaui.com.br\/antigo\/index.php?rest_route=\/wp\/v2\/types\/post"}],"author":[{"embeddable":true,"href":"https:\/\/mpiaui.com.br\/antigo\/index.php?rest_route=\/wp\/v2\/users\/1"}],"replies":[{"embeddable":true,"href":"https:\/\/mpiaui.com.br\/antigo\/index.php?rest_route=%2Fwp%2Fv2%2Fcomments&post=55490"}],"version-history":[{"count":0,"href":"https:\/\/mpiaui.com.br\/antigo\/index.php?rest_route=\/wp\/v2\/posts\/55490\/revisions"}],"wp:featuredmedia":[{"embeddable":true,"href":"https:\/\/mpiaui.com.br\/antigo\/index.php?rest_route=\/wp\/v2\/media\/55491"}],"wp:attachment":[{"href":"https:\/\/mpiaui.com.br\/antigo\/index.php?rest_route=%2Fwp%2Fv2%2Fmedia&parent=55490"}],"wp:term":[{"taxonomy":"category","embeddable":true,"href":"https:\/\/mpiaui.com.br\/antigo\/index.php?rest_route=%2Fwp%2Fv2%2Fcategories&post=55490"},{"taxonomy":"post_tag","embeddable":true,"href":"https:\/\/mpiaui.com.br\/antigo\/index.php?rest_route=%2Fwp%2Fv2%2Ftags&post=55490"}],"curies":[{"name":"wp","href":"https:\/\/api.w.org\/{rel}","templated":true}]}}